{"id":3533,"date":"2023-02-20T17:27:46","date_gmt":"2023-02-20T22:27:46","guid":{"rendered":"https:\/\/alhersem.com\/blog\/?p=3533"},"modified":"2023-09-14T16:29:15","modified_gmt":"2023-09-14T21:29:15","slug":"los-10-arquitectos-mas-destacados-de-la-historia-de-mexico","status":"publish","type":"post","link":"https:\/\/alhersem.com\/blog\/los-10-arquitectos-mas-destacados-de-la-historia-de-mexico\/","title":{"rendered":"Los 10 arquitectos m\u00e1s destacados de la historia de M\u00e9xico"},"content":{"rendered":"\t\t<div data-elementor-type=\"wp-post\" data-elementor-id=\"3533\" class=\"elementor elementor-3533\">\n\t\t\t\t\t\t<section class=\"elementor-section elementor-top-section elementor-element elementor-element-1a4e79f8 elementor-section-full_width elementor-section-height-min-height elementor-section-items-top elementor-section-content-top elementor-section-height-default\" data-id=\"1a4e79f8\" data-element_type=\"section\" data-e-type=\"section\">\n\t\t\t\t\t\t<div class=\"elementor-container elementor-column-gap-no\">\n\t\t\t\t\t<div class=\"elementor-column elementor-col-100 elementor-top-column elementor-element elementor-element-5b61beea\" data-id=\"5b61beea\" data-element_type=\"column\" data-e-type=\"column\" data-settings=\"{&quot;background_background&quot;:&quot;classic&quot;}\">\n\t\t\t<div class=\"elementor-widget-wrap elementor-element-populated\">\n\t\t\t\t\t\t<div class=\"elementor-element elementor-element-4608af26 elementor-widget elementor-widget-html\" data-id=\"4608af26\" data-element_type=\"widget\" data-e-type=\"widget\" data-widget_type=\"html.default\">\n\t\t\t\t<div class=\"elementor-widget-container\">\n\t\t\t\t\t<div style=\"box-shadow: 0 10px 15px rgb(25 25 25 \/ 50%);\n height: 2px; margin-top: -2px;\"><\/div>\t\t\t\t<\/div>\n\t\t\t\t<\/div>\n\t\t\t\t<div class=\"elementor-element elementor-element-191bd3fb elementor-widget elementor-widget-html\" data-id=\"191bd3fb\" data-element_type=\"widget\" data-e-type=\"widget\" data-widget_type=\"html.default\">\n\t\t\t\t<div class=\"elementor-widget-container\">\n\t\t\t\t\t<div class=\"banner-area\">\r\n    <div class=\"d-flex align-items-center justify-content-start h-100\">\r\n        <div class=\"bkgnblack\">\r\n            <div class=\"banner-area-cont-text\">\r\n                <h1>Arquitectos Mexicanos<\/h1>\r\n                <p class=\"subtext text-sm-left\">Los 10 arquitectos m\u00e1s destacados de M\u00e9xico<\/p>\r\n            <\/div>\r\n        <\/div>\r\n    <\/div>\r\n<\/div>\t\t\t\t<\/div>\n\t\t\t\t<\/div>\n\t\t\t\t\t<\/div>\n\t\t<\/div>\n\t\t\t\t\t<\/div>\n\t\t<\/section>\n\t\t\t\t<section class=\"elementor-section elementor-top-section elementor-element elementor-element-d4fda35 elementor-section-full_width elementor-section-height-default elementor-section-height-default\" data-id=\"d4fda35\" data-element_type=\"section\" data-e-type=\"section\">\n\t\t\t\t\t\t<div class=\"elementor-container elementor-column-gap-default\">\n\t\t\t\t\t<div class=\"elementor-column elementor-col-100 elementor-top-column elementor-element elementor-element-4b2dcdbd\" data-id=\"4b2dcdbd\" data-element_type=\"column\" data-e-type=\"column\" data-settings=\"{&quot;background_background&quot;:&quot;classic&quot;}\">\n\t\t\t<div class=\"elementor-widget-wrap elementor-element-populated\">\n\t\t\t\t\t\t<div class=\"elementor-element elementor-element-3656c85a elementor-widget elementor-widget-text-editor\" data-id=\"3656c85a\" data-element_type=\"widget\" data-e-type=\"widget\" data-widget_type=\"text-editor.default\">\n\t\t\t\t<div class=\"elementor-widget-container\">\n\t\t\t\t\t\t\t\t\t<p><span style=\"color: #4d4d4d;\">Con una rica historia de arquitectura prehisp\u00e1nica y colonial, M\u00e9xico ha sido un crisol de diversas influencias culturales a lo largo de los siglos. A trav\u00e9s de los a\u00f1os, varios arquitectos han dejado una huella indeleble en la historia de la arquitectura mexicana. A continuaci\u00f3n, te presentamos una lista de los 10 arquitectos m\u00e1s destacados de la historia de M\u00e9xico y sus obras m\u00e1s importantes:<\/span><\/p>\t\t\t\t\t\t\t\t<\/div>\n\t\t\t\t<\/div>\n\t\t\t\t<div class=\"elementor-element elementor-element-2eafe996 elementor-widget elementor-widget-html\" data-id=\"2eafe996\" data-element_type=\"widget\" data-e-type=\"widget\" data-widget_type=\"html.default\">\n\t\t\t\t<div class=\"elementor-widget-container\">\n\t\t\t\t\t<div style=\"width: 100%; border-top: 2px solid #CCCCCC; margin: 20px 0;\"><\/div>\t\t\t\t<\/div>\n\t\t\t\t<\/div>\n\t\t\t\t<div class=\"elementor-element elementor-element-1181469f elementor-widget elementor-widget-heading\" data-id=\"1181469f\" data-element_type=\"widget\" data-e-type=\"widget\" data-widget_type=\"heading.default\">\n\t\t\t\t<div class=\"elementor-widget-container\">\n\t\t\t\t\t<h2 class=\"elementor-heading-title elementor-size-default\">Teodoro Gonz\u00e1lez de Le\u00f3n (1926-2016)<\/h2>\t\t\t\t<\/div>\n\t\t\t\t<\/div>\n\t\t\t\t<section class=\"elementor-section elementor-inner-section elementor-element elementor-element-54e44568 elementor-section-full_width elementor-section-height-default elementor-section-height-default\" data-id=\"54e44568\" data-element_type=\"section\" data-e-type=\"section\">\n\t\t\t\t\t\t<div class=\"elementor-container elementor-column-gap-no\">\n\t\t\t\t\t<div class=\"elementor-column elementor-col-100 elementor-inner-column elementor-element elementor-element-493b5e2f\" data-id=\"493b5e2f\" data-element_type=\"column\" data-e-type=\"column\">\n\t\t\t<div class=\"elementor-widget-wrap elementor-element-populated\">\n\t\t\t\t\t\t<div class=\"elementor-element elementor-element-470dbc00 elementor-widget elementor-widget-image\" data-id=\"470dbc00\" data-element_type=\"widget\" data-e-type=\"widget\" data-widget_type=\"image.default\">\n\t\t\t\t<div class=\"elementor-widget-container\">\n\t\t\t\t\t\t\t\t\t\t\t\t\t\t\t<img fetchpriority=\"high\" decoding=\"async\" width=\"750\" height=\"155\" src=\"https:\/\/alhersem.com\/blog\/wp-content\/uploads\/2023\/02\/teodoro-gonzalez.jpg\" class=\"attachment-large size-large wp-image-3532\" alt=\"Teodoro Gonzales de Leon y sus obras\" srcset=\"https:\/\/alhersem.com\/blog\/wp-content\/uploads\/2023\/02\/teodoro-gonzalez.jpg 755w, https:\/\/alhersem.com\/blog\/wp-content\/uploads\/2023\/02\/teodoro-gonzalez-300x62.jpg 300w\" sizes=\"(max-width: 750px) 100vw, 750px\" style=\"width:100%;height:20.66%;max-width:755px\" \/>\t\t\t\t\t\t\t\t\t\t\t\t\t\t\t<\/div>\n\t\t\t\t<\/div>\n\t\t\t\t\t<\/div>\n\t\t<\/div>\n\t\t\t\t\t<\/div>\n\t\t<\/section>\n\t\t\t\t<div class=\"elementor-element elementor-element-2b643bee elementor-widget elementor-widget-text-editor\" data-id=\"2b643bee\" data-element_type=\"widget\" data-e-type=\"widget\" data-widget_type=\"text-editor.default\">\n\t\t\t\t<div class=\"elementor-widget-container\">\n\t\t\t\t\t\t\t\t\t<p><span style=\"color: #4d4d4d;\">Teodoro Gonz\u00e1lez de Le\u00f3n es uno de los arquitectos m\u00e1s destacados de M\u00e9xico, reconocido por su trabajo en proyectos emblem\u00e1ticos que han contribuido significativamente a la arquitectura moderna del pa\u00eds.<br \/>Teodoro Gonz\u00e1lez de Le\u00f3n naci\u00f3 en 1926 en Ciudad de M\u00e9xico y estudi\u00f3 arquitectura en la Universidad Nacional Aut\u00f3noma de M\u00e9xico. En 1950, fund\u00f3 su propio estudio de arquitectura y comenz\u00f3 a trabajar en una serie de proyectos que lo llevaron a convertirse en una figura prominente en la arquitectura mexicana y latinoamericana.<br \/>Gonz\u00e1lez de Le\u00f3n es conocido por su enfoque minimalista y su uso innovador del concreto y el vidrio. Sus proyectos a menudo presentan formas geom\u00e9tricas audaces y limpias, y un uso cuidadoso de la luz y la sombra para crear espacios din\u00e1micos e interesantes.<br \/>Uno de los proyectos m\u00e1s importantes de Gonz\u00e1lez de Le\u00f3n es el Museo Tamayo de Arte Contempor\u00e1neo, inaugurado en 1981 en Ciudad de M\u00e9xico. El edificio est\u00e1 ubicado en el bosque de Chapultepec, y presenta un dise\u00f1o moderno y minimalista que se integra perfectamente en su entorno natural. El Museo Tamayo es considerado como uno de los museos de arte contempor\u00e1neo m\u00e1s importantes de Am\u00e9rica Latina.<br \/>Gonz\u00e1lez de Le\u00f3n tambi\u00e9n trabaj\u00f3 en la restauraci\u00f3n y renovaci\u00f3n de edificios hist\u00f3ricos, como el Palacio de los Deportes, un ic\u00f3nico edificio de la Ciudad de M\u00e9xico que fue construido para los Juegos Ol\u00edmpicos de 1968.<br \/>Adem\u00e1s de su trabajo como arquitecto, Gonz\u00e1lez de Le\u00f3n tambi\u00e9n fue un importante acad\u00e9mico y defensor de la educaci\u00f3n arquitect\u00f3nica en M\u00e9xico. Fue profesor en la Universidad Nacional Aut\u00f3noma de M\u00e9xico y en el Instituto Tecnol\u00f3gico y de Estudios Superiores de Monterrey, y tambi\u00e9n fue presidente del Consejo Nacional para la Cultura y las Artes de M\u00e9xico.<br \/>En reconocimiento a su trayectoria, Gonz\u00e1lez de Le\u00f3n recibi\u00f3 varios premios y reconocimientos a lo largo de su carrera, incluyendo el Premio Nacional de Ciencias y Artes de M\u00e9xico en el campo de Bellas Artes y Literatura en 2007.<br \/>Teodoro Gonz\u00e1lez de Le\u00f3n falleci\u00f3 en 2016 a los 90 a\u00f1os de edad, pero su legado contin\u00faa siendo una influencia importante en la arquitectura mexicana y en la arquitectura moderna en general. Sus proyectos siguen siendo admirados por su ingenio, innovaci\u00f3n y su capacidad para crear espacios habitables que se integran de manera armoniosa con su entorno natural y urbano.<br \/><\/span><\/p>\t\t\t\t\t\t\t\t<\/div>\n\t\t\t\t<\/div>\n\t\t\t\t<div class=\"elementor-element elementor-element-473fd5ea elementor-widget elementor-widget-html\" data-id=\"473fd5ea\" data-element_type=\"widget\" data-e-type=\"widget\" data-widget_type=\"html.default\">\n\t\t\t\t<div class=\"elementor-widget-container\">\n\t\t\t\t\t<div style=\"width: 100%; border-top: 2px solid #CCCCCC; margin: 20px 0;\"><\/div>\t\t\t\t<\/div>\n\t\t\t\t<\/div>\n\t\t\t\t<div class=\"elementor-element elementor-element-1b1c890d elementor-widget elementor-widget-heading\" data-id=\"1b1c890d\" data-element_type=\"widget\" data-e-type=\"widget\" data-widget_type=\"heading.default\">\n\t\t\t\t<div class=\"elementor-widget-container\">\n\t\t\t\t\t<h2 class=\"elementor-heading-title elementor-size-default\">Luis Barrag\u00e1n (1902-1988)<\/h2>\t\t\t\t<\/div>\n\t\t\t\t<\/div>\n\t\t\t\t<section class=\"elementor-section elementor-inner-section elementor-element elementor-element-4892d708 elementor-section-full_width elementor-section-height-default elementor-section-height-default\" data-id=\"4892d708\" data-element_type=\"section\" data-e-type=\"section\">\n\t\t\t\t\t\t<div class=\"elementor-container elementor-column-gap-no\">\n\t\t\t\t\t<div class=\"elementor-column elementor-col-100 elementor-inner-column elementor-element elementor-element-38b41dcf\" data-id=\"38b41dcf\" data-element_type=\"column\" data-e-type=\"column\">\n\t\t\t<div class=\"elementor-widget-wrap elementor-element-populated\">\n\t\t\t\t\t\t<div class=\"elementor-element elementor-element-51b420d2 elementor-widget elementor-widget-image\" data-id=\"51b420d2\" data-element_type=\"widget\" data-e-type=\"widget\" data-widget_type=\"image.default\">\n\t\t\t\t<div class=\"elementor-widget-container\">\n\t\t\t\t\t\t\t\t\t\t\t\t\t\t\t<img decoding=\"async\" width=\"750\" height=\"155\" src=\"https:\/\/alhersem.com\/blog\/wp-content\/uploads\/2023\/02\/luis-barragan.jpg\" class=\"attachment-large size-large wp-image-3526\" alt=\"Luis Barragan y sus obras\" srcset=\"https:\/\/alhersem.com\/blog\/wp-content\/uploads\/2023\/02\/luis-barragan.jpg 755w, https:\/\/alhersem.com\/blog\/wp-content\/uploads\/2023\/02\/luis-barragan-300x62.jpg 300w\" sizes=\"(max-width: 750px) 100vw, 750px\" style=\"width:100%;height:20.66%;max-width:755px\" \/>\t\t\t\t\t\t\t\t\t\t\t\t\t\t\t<\/div>\n\t\t\t\t<\/div>\n\t\t\t\t\t<\/div>\n\t\t<\/div>\n\t\t\t\t\t<\/div>\n\t\t<\/section>\n\t\t\t\t<div class=\"elementor-element elementor-element-105678a6 elementor-widget elementor-widget-text-editor\" data-id=\"105678a6\" data-element_type=\"widget\" data-e-type=\"widget\" data-widget_type=\"text-editor.default\">\n\t\t\t\t<div class=\"elementor-widget-container\">\n\t\t\t\t\t\t\t\t\t<p><span style=\"color: #4d4d4d;\">Luis Barrag\u00e1n es uno de los arquitectos m\u00e1s destacados e influyentes de M\u00e9xico y Am\u00e9rica Latina.<br \/>Luis Barrag\u00e1n naci\u00f3 en Guadalajara, M\u00e9xico, en 1902. Estudi\u00f3 ingenier\u00eda en la Universidad Nacional Aut\u00f3noma de M\u00e9xico, pero su inter\u00e9s por la arquitectura lo llev\u00f3 a abandonar sus estudios y a trabajar en el estudio del arquitecto Juan Sordo Madaleno en Ciudad de M\u00e9xico. All\u00ed, tuvo la oportunidad de conocer a importantes arquitectos mexicanos como Mario Pani, Enrique del Moral y Carlos Obreg\u00f3n Santacilia.<br \/>En 1936, Barrag\u00e1n estableci\u00f3 su propio estudio de arquitectura en Ciudad de M\u00e9xico, donde comenz\u00f3 a desarrollar su estilo \u00fanico y caracter\u00edstico. A lo largo de su carrera, Barrag\u00e1n se enfoc\u00f3 en la creaci\u00f3n de espacios habitables que estuvieran en armon\u00eda con la naturaleza y la cultura mexicanas. Sus dise\u00f1os a menudo incorporaban elementos como patios, jardines y fuentes, que creaban un ambiente tranquilo y sereno.<br \/>Uno de los proyectos m\u00e1s emblem\u00e1ticos de Barrag\u00e1n es la Casa Estudio Luis Barrag\u00e1n, que \u00e9l mismo dise\u00f1\u00f3 y construy\u00f3 en 1948. La casa se encuentra en Ciudad de M\u00e9xico y es considerada una obra maestra de la arquitectura moderna mexicana. La casa fue dise\u00f1ada con un enfoque en la luz y la sombra, con paredes en tonos pastel y elementos como agua y piedra que crean un ambiente de paz y tranquilidad.<br \/>Otra obra importante de Barrag\u00e1n es el Conjunto Habitacional El Pedregal, construido entre 1947 y 1952 en Ciudad de M\u00e9xico. Este proyecto incluye m\u00e1s de 300 casas y es considerado uno de los primeros ejemplos de arquitectura moderna en M\u00e9xico. El conjunto habitacional fue dise\u00f1ado en armon\u00eda con el paisaje circundante, utilizando materiales naturales y t\u00e9cnicas de construcci\u00f3n tradicionales.<br \/>Barrag\u00e1n tambi\u00e9n fue un apasionado defensor de la preservaci\u00f3n del patrimonio arquitect\u00f3nico y cultural de M\u00e9xico. Trabaj\u00f3 en la restauraci\u00f3n de importantes monumentos hist\u00f3ricos, como la Capilla de las Capuchinas en Tlalpan, Ciudad de M\u00e9xico, y la Capilla de Nuestra Se\u00f1ora de la Soledad en Tepoztl\u00e1n, Morelos.<br \/>En 1980, Luis Barrag\u00e1n recibi\u00f3 el Premio Pritzker, considerado el m\u00e1s prestigioso galard\u00f3n en el campo de la arquitectura. Fue el primer arquitecto latinoamericano en recibir este reconocimiento y s\u00f3lo el segundo arquitecto no estadounidense en hacerlo.<br \/>Aunque Luis Barrag\u00e1n falleci\u00f3 en 1988, su legado contin\u00faa siendo una influencia importante en la arquitectura mexicana y mundial. Su trabajo sigue inspirando a arquitectos y dise\u00f1adores en todo el mundo, y sus ideas sobre la importancia de la armon\u00eda entre el ser humano y la naturaleza siguen siendo relevantes en la actualidad. Su obra tambi\u00e9n ha sido reconocida como Patrimonio Cultural de la Humanidad por la UNESCO, en reconocimiento a su valor art\u00edstico y cultural.<br \/><\/span><\/p>\t\t\t\t\t\t\t\t<\/div>\n\t\t\t\t<\/div>\n\t\t\t\t<div class=\"elementor-element elementor-element-71454bb3 elementor-widget elementor-widget-html\" data-id=\"71454bb3\" data-element_type=\"widget\" data-e-type=\"widget\" data-widget_type=\"html.default\">\n\t\t\t\t<div class=\"elementor-widget-container\">\n\t\t\t\t\t<div style=\"width: 100%; border-top: 2px solid #CCCCCC; margin: 20px 0;\"><\/div>\t\t\t\t<\/div>\n\t\t\t\t<\/div>\n\t\t\t\t<div class=\"elementor-element elementor-element-22bd76f3 elementor-widget elementor-widget-heading\" data-id=\"22bd76f3\" data-element_type=\"widget\" data-e-type=\"widget\" data-widget_type=\"heading.default\">\n\t\t\t\t<div class=\"elementor-widget-container\">\n\t\t\t\t\t<h2 class=\"elementor-heading-title elementor-size-default\">Mario Pani (1911-1993)<\/h2>\t\t\t\t<\/div>\n\t\t\t\t<\/div>\n\t\t\t\t<section class=\"elementor-section elementor-inner-section elementor-element elementor-element-2ddf6e03 elementor-section-full_width elementor-section-height-default elementor-section-height-default\" data-id=\"2ddf6e03\" data-element_type=\"section\" data-e-type=\"section\">\n\t\t\t\t\t\t<div class=\"elementor-container elementor-column-gap-no\">\n\t\t\t\t\t<div class=\"elementor-column elementor-col-100 elementor-inner-column elementor-element elementor-element-1283bba6\" data-id=\"1283bba6\" data-element_type=\"column\" data-e-type=\"column\">\n\t\t\t<div class=\"elementor-widget-wrap elementor-element-populated\">\n\t\t\t\t\t\t<div class=\"elementor-element elementor-element-4605c4b1 elementor-widget elementor-widget-image\" data-id=\"4605c4b1\" data-element_type=\"widget\" data-e-type=\"widget\" data-widget_type=\"image.default\">\n\t\t\t\t<div class=\"elementor-widget-container\">\n\t\t\t\t\t\t\t\t\t\t\t\t\t\t\t<img decoding=\"async\" width=\"750\" height=\"155\" src=\"https:\/\/alhersem.com\/blog\/wp-content\/uploads\/2023\/02\/mario-pani.jpg\" class=\"attachment-large size-large wp-image-3527\" alt=\"Mario Pani y sus obras\" srcset=\"https:\/\/alhersem.com\/blog\/wp-content\/uploads\/2023\/02\/mario-pani.jpg 755w, https:\/\/alhersem.com\/blog\/wp-content\/uploads\/2023\/02\/mario-pani-300x62.jpg 300w\" sizes=\"(max-width: 750px) 100vw, 750px\" style=\"width:100%;height:20.66%;max-width:755px\" \/>\t\t\t\t\t\t\t\t\t\t\t\t\t\t\t<\/div>\n\t\t\t\t<\/div>\n\t\t\t\t\t<\/div>\n\t\t<\/div>\n\t\t\t\t\t<\/div>\n\t\t<\/section>\n\t\t\t\t<div class=\"elementor-element elementor-element-e95af3f elementor-widget elementor-widget-text-editor\" data-id=\"e95af3f\" data-element_type=\"widget\" data-e-type=\"widget\" data-widget_type=\"text-editor.default\">\n\t\t\t\t<div class=\"elementor-widget-container\">\n\t\t\t\t\t\t\t\t\t<p><span style=\"color: #4d4d4d;\">Pani fue un arquitecto mexicano que naci\u00f3 en la Ciudad de M\u00e9xico en 1911 y estudi\u00f3 arquitectura en la Universidad Nacional Aut\u00f3noma de M\u00e9xico. En 1936, viaj\u00f3 a Europa para estudiar arquitectura en la \u00c9cole des Beaux-Arts de Par\u00eds y en la Escuela T\u00e9cnica Superior de Arquitectura de Madrid. A su regreso a M\u00e9xico, comenz\u00f3 su carrera en arquitectura y se convirti\u00f3 en uno de los principales exponentes del Movimiento Moderno en el pa\u00eds.<br \/>Una de las caracter\u00edsticas m\u00e1s distintivas del trabajo de Pani fue su enfoque en la arquitectura como medio para resolver problemas sociales. \u00c9l cre\u00eda que la arquitectura deb\u00eda ser accesible y asequible para todos, y se enfoc\u00f3 en dise\u00f1ar soluciones habitacionales y urbanas que pudieran mejorar la calidad de vida de la poblaci\u00f3n mexicana.<br \/>Uno de los proyectos m\u00e1s importantes de Pani fue la construcci\u00f3n de la Unidad Habitacional Nonoalco-Tlatelolco, junto con los arquitectos Enrique del Moral y Carlos Contreras. Este complejo habitacional, ubicado en la Ciudad de M\u00e9xico, fue uno de los m\u00e1s grandes y ambiciosos del mundo en su momento y se convirti\u00f3 en un modelo para la construcci\u00f3n de viviendas sociales en M\u00e9xico y en otros pa\u00edses de Am\u00e9rica Latina.<br \/>Otro proyecto ic\u00f3nico de Pani fue el Conjunto Habitacional Presidente Alem\u00e1n, tambi\u00e9n en la Ciudad de M\u00e9xico. Este complejo habitacional fue dise\u00f1ado en colaboraci\u00f3n con los arquitectos Eduardo Catalano y Enrique del Moral, y se caracteriza por sus formas geom\u00e9tricas y su uso innovador del espacio p\u00fablico. El proyecto se convirti\u00f3 en un referente para la construcci\u00f3n de viviendas sociales en M\u00e9xico y en otros pa\u00edses de la regi\u00f3n.<br \/>Adem\u00e1s de su trabajo en la arquitectura habitacional, Pani tambi\u00e9n dise\u00f1\u00f3 importantes edificios p\u00fablicos en M\u00e9xico, como la Torre Insignia de Ciudad Sat\u00e9lite, el Conjunto Habitacional Miguel Alem\u00e1n y el Conjunto Habitacional Presidente Ju\u00e1rez.<br \/>En reconocimiento a su contribuci\u00f3n a la arquitectura mexicana, Pani recibi\u00f3 numerosos premios y reconocimientos a lo largo de su carrera, incluyendo la Orden del \u00c1guila Azteca, la m\u00e1s alta distinci\u00f3n que el gobierno mexicano otorga a extranjeros. Tambi\u00e9n fue elegido miembro de la Academia de Artes de Francia en 1982.<br \/>Mario Pani falleci\u00f3 en 1993 a los 82 a\u00f1os de edad, pero su legado contin\u00faa siendo una influencia importante en la arquitectura mexicana y en la arquitectura moderna en general. Su trabajo sigue siendo reconocido por su compromiso social y su enfoque innovador en la resoluci\u00f3n de problemas urbanos y habitacionales.<br \/><\/span><\/p>\t\t\t\t\t\t\t\t<\/div>\n\t\t\t\t<\/div>\n\t\t\t\t<div class=\"elementor-element elementor-element-660a860b elementor-widget elementor-widget-html\" data-id=\"660a860b\" data-element_type=\"widget\" data-e-type=\"widget\" data-widget_type=\"html.default\">\n\t\t\t\t<div class=\"elementor-widget-container\">\n\t\t\t\t\t<div style=\"width: 100%; border-top: 2px solid #CCCCCC; margin: 20px 0;\"><\/div>\t\t\t\t<\/div>\n\t\t\t\t<\/div>\n\t\t\t\t<div class=\"elementor-element elementor-element-530e0479 elementor-widget elementor-widget-heading\" data-id=\"530e0479\" data-element_type=\"widget\" data-e-type=\"widget\" data-widget_type=\"heading.default\">\n\t\t\t\t<div class=\"elementor-widget-container\">\n\t\t\t\t\t<h2 class=\"elementor-heading-title elementor-size-default\">Juan Sordo Madaleno (1916-1985)<\/h2>\t\t\t\t<\/div>\n\t\t\t\t<\/div>\n\t\t\t\t<section class=\"elementor-section elementor-inner-section elementor-element elementor-element-979f7d2 elementor-section-full_width elementor-section-height-default elementor-section-height-default\" data-id=\"979f7d2\" data-element_type=\"section\" data-e-type=\"section\">\n\t\t\t\t\t\t<div class=\"elementor-container elementor-column-gap-no\">\n\t\t\t\t\t<div class=\"elementor-column elementor-col-100 elementor-inner-column elementor-element elementor-element-eca0077\" data-id=\"eca0077\" data-element_type=\"column\" data-e-type=\"column\">\n\t\t\t<div class=\"elementor-widget-wrap elementor-element-populated\">\n\t\t\t\t\t\t<div class=\"elementor-element elementor-element-4546b5a3 elementor-widget elementor-widget-image\" data-id=\"4546b5a3\" data-element_type=\"widget\" data-e-type=\"widget\" data-widget_type=\"image.default\">\n\t\t\t\t<div class=\"elementor-widget-container\">\n\t\t\t\t\t\t\t\t\t\t\t\t\t\t\t<img loading=\"lazy\" decoding=\"async\" width=\"750\" height=\"155\" src=\"https:\/\/alhersem.com\/blog\/wp-content\/uploads\/2023\/02\/juan-sordo-madaleno.jpg\" class=\"attachment-large size-large wp-image-3525\" alt=\"Juan Sordo Madaleno y sus obras\" srcset=\"https:\/\/alhersem.com\/blog\/wp-content\/uploads\/2023\/02\/juan-sordo-madaleno.jpg 755w, https:\/\/alhersem.com\/blog\/wp-content\/uploads\/2023\/02\/juan-sordo-madaleno-300x62.jpg 300w\" sizes=\"(max-width: 750px) 100vw, 750px\" style=\"width:100%;height:20.66%;max-width:755px\" \/>\t\t\t\t\t\t\t\t\t\t\t\t\t\t\t<\/div>\n\t\t\t\t<\/div>\n\t\t\t\t\t<\/div>\n\t\t<\/div>\n\t\t\t\t\t<\/div>\n\t\t<\/section>\n\t\t\t\t<div class=\"elementor-element elementor-element-7e620e01 elementor-widget elementor-widget-text-editor\" data-id=\"7e620e01\" data-element_type=\"widget\" data-e-type=\"widget\" data-widget_type=\"text-editor.default\">\n\t\t\t\t<div class=\"elementor-widget-container\">\n\t\t\t\t\t\t\t\t\t<p><span style=\"color: #4d4d4d;\">Juan Sordo Madaleno fue uno de los arquitectos m\u00e1s destacados de M\u00e9xico en la segunda mitad del siglo XX. Nacido en la Ciudad de M\u00e9xico en 1916, estudi\u00f3 en Espa\u00f1a antes de regresar a su pa\u00eds natal para graduarse en arquitectura en la Universidad Nacional Aut\u00f3noma de M\u00e9xico en 1939. Fund\u00f3 su propio despacho de arquitectura ese mismo a\u00f1o, y a lo largo de su carrera colabor\u00f3 con otros arquitectos reconocidos, como Luis Barrag\u00e1n, Jos\u00e9 Villagr\u00e1n Garc\u00eda, Augusto H. \u00c1lvarez, Ricardo Legorreta, Francisco Serrano y Jos\u00e9 A. Wiechers.<br \/>La obra arquitect\u00f3nica de Juan Sordo Madaleno se caracteriz\u00f3 por su elegancia discreta y su atenci\u00f3n al detalle y la proporci\u00f3n. Su estilo fue influenciado por la escuela Bauhaus, Walter Gropius, Le Corbusier y otros grandes de la \u00e9poca, y su obra contribuy\u00f3 en gran medida a la formaci\u00f3n de la imagen colectiva de la Ciudad de M\u00e9xico. A lo largo de su carrera, desarroll\u00f3 numerosos proyectos, incluyendo el centro comercial Plaza Universidad, el centro comercial Plaza Sat\u00e9lite, y la Torre An\u00e1huac.<br \/>Uno de los proyectos m\u00e1s destacados de Sordo Madaleno fue el Hotel Presidente Chapultepec en la Ciudad de M\u00e9xico. El edificio, que se encuentra ubicado en un terreno de 5,600 metros cuadrados orientado hacia Paseo de la Reforma, se destaca por su altura y su dise\u00f1o arbolado que sirve como barrera contra el ruido del tr\u00e1fico. El edificio cuenta con una altura notable que crea un nuevo paisaje en su entorno.<br \/>El dise\u00f1o del Hotel Presidente Chapultepec es caracter\u00edstico de la arquitectura moderna y muestra la habilidad de Sordo Madaleno para crear espacios p\u00fablicos atractivos y funcionales. El edificio tiene una forma rectangular con una serie de balcones y una fachada de cristal que ofrece vistas panor\u00e1micas de la ciudad. El volumen se remete del alineamiento en la planta baja para generar un peque\u00f1o espacio p\u00fablico con car\u00e1cter de plaza.<br \/>En resumen, Juan Sordo Madaleno fue un arquitecto mexicano destacado del siglo XX que aport\u00f3 la esencia del International Style al panorama mexicano. Su obra se caracteriz\u00f3 por su elegancia discreta, atenci\u00f3n al detalle y proporci\u00f3n adecuada. El Hotel Presidente Chapultepec es un ejemplo destacado de su trabajo, mostrando su habilidad para crear espacios p\u00fablicos atractivos y funcionales en el contexto de la arquitectura moderna.<br \/><\/span><\/p>\t\t\t\t\t\t\t\t<\/div>\n\t\t\t\t<\/div>\n\t\t\t\t<div class=\"elementor-element elementor-element-13f1a44 elementor-widget elementor-widget-html\" data-id=\"13f1a44\" data-element_type=\"widget\" data-e-type=\"widget\" data-widget_type=\"html.default\">\n\t\t\t\t<div class=\"elementor-widget-container\">\n\t\t\t\t\t<div style=\"width: 100%; border-top: 2px solid #CCCCCC; margin: 20px 0;\"><\/div>\t\t\t\t<\/div>\n\t\t\t\t<\/div>\n\t\t\t\t<div class=\"elementor-element elementor-element-45a975b elementor-widget elementor-widget-heading\" data-id=\"45a975b\" data-element_type=\"widget\" data-e-type=\"widget\" data-widget_type=\"heading.default\">\n\t\t\t\t<div class=\"elementor-widget-container\">\n\t\t\t\t\t<h2 class=\"elementor-heading-title elementor-size-default\">Ricardo Legorreta (1931-2011)<\/h2>\t\t\t\t<\/div>\n\t\t\t\t<\/div>\n\t\t\t\t<section class=\"elementor-section elementor-inner-section elementor-element elementor-element-4bc79497 elementor-section-full_width elementor-section-height-default elementor-section-height-default\" data-id=\"4bc79497\" data-element_type=\"section\" data-e-type=\"section\">\n\t\t\t\t\t\t<div class=\"elementor-container elementor-column-gap-no\">\n\t\t\t\t\t<div class=\"elementor-column elementor-col-100 elementor-inner-column elementor-element elementor-element-3be9acb4\" data-id=\"3be9acb4\" data-element_type=\"column\" data-e-type=\"column\">\n\t\t\t<div class=\"elementor-widget-wrap elementor-element-populated\">\n\t\t\t\t\t\t<div class=\"elementor-element elementor-element-1c9c42a5 elementor-widget elementor-widget-image\" data-id=\"1c9c42a5\" data-element_type=\"widget\" data-e-type=\"widget\" data-widget_type=\"image.default\">\n\t\t\t\t<div class=\"elementor-widget-container\">\n\t\t\t\t\t\t\t\t\t\t\t\t\t\t\t<img loading=\"lazy\" decoding=\"async\" width=\"750\" height=\"155\" src=\"https:\/\/alhersem.com\/blog\/wp-content\/uploads\/2023\/02\/ricardo-legorreta.jpg\" class=\"attachment-large size-large wp-image-3530\" alt=\"Ricardo Legorreta y sus obras\" srcset=\"https:\/\/alhersem.com\/blog\/wp-content\/uploads\/2023\/02\/ricardo-legorreta.jpg 755w, https:\/\/alhersem.com\/blog\/wp-content\/uploads\/2023\/02\/ricardo-legorreta-300x62.jpg 300w\" sizes=\"(max-width: 750px) 100vw, 750px\" style=\"width:100%;height:20.66%;max-width:755px\" \/>\t\t\t\t\t\t\t\t\t\t\t\t\t\t\t<\/div>\n\t\t\t\t<\/div>\n\t\t\t\t\t<\/div>\n\t\t<\/div>\n\t\t\t\t\t<\/div>\n\t\t<\/section>\n\t\t\t\t<div class=\"elementor-element elementor-element-669f1edb elementor-widget elementor-widget-text-editor\" data-id=\"669f1edb\" data-element_type=\"widget\" data-e-type=\"widget\" data-widget_type=\"text-editor.default\">\n\t\t\t\t<div class=\"elementor-widget-container\">\n\t\t\t\t\t\t\t\t\t<p><span style=\"color: #4d4d4d;\">Fue uno de los arquitectos mexicanos m\u00e1s reconocidos del siglo XX, conocido por su estilo distintivo de colores intensos y formas geom\u00e9tricas. Su obra se caracteriza por la integraci\u00f3n de la arquitectura con el entorno, la utilizaci\u00f3n de elementos tradicionales y la creaci\u00f3n de espacios abiertos y funcionales.<br \/>Nacido en la ciudad de M\u00e9xico en 1931, Legorreta estudi\u00f3 arquitectura en la Universidad Nacional Aut\u00f3noma de M\u00e9xico, donde se gradu\u00f3 en 1953. Trabaj\u00f3 en el estudio del arquitecto Jos\u00e9 Villagr\u00e1n Garc\u00eda antes de fundar su propia firma en 1964, la cual se convertir\u00eda en una de las m\u00e1s influyentes de M\u00e9xico y Am\u00e9rica Latina.<br \/>Entre las obras m\u00e1s destacadas de Legorreta se encuentra el Hotel Camino Real en M\u00e9xico D.F., uno de los hoteles m\u00e1s emblem\u00e1ticos de la ciudad y considerado un ejemplo de su estilo caracter\u00edstico. Tambi\u00e9n dise\u00f1\u00f3 el Centro Nacional de las Artes en la misma ciudad, un complejo de edificios destinados a la promoci\u00f3n y el desarrollo de las artes, que se ha convertido en un referente arquitect\u00f3nico de la capital mexicana.<br \/>Otro de sus proyectos m\u00e1s destacados es el Hotel Marquis Reforma, tambi\u00e9n en la Ciudad de M\u00e9xico, que combina elementos tradicionales mexicanos con un dise\u00f1o contempor\u00e1neo. Adem\u00e1s, Legorreta dise\u00f1\u00f3 el edificio de la American Airlines en Fort Worth, Texas, el Hotel Camino Real en Acapulco, el Hotel Meli\u00e1 en Varadero, Cuba, y el Centro Nacional de la Energ\u00eda en Le\u00f3n, Guanajuato, entre muchos otros.<br \/>Legorreta recibi\u00f3 numerosos premios y reconocimientos a lo largo de su carrera, incluyendo la Medalla de Oro del American Institute of Architects en 2000, el premio Praemium Imperiale en 2011 y el premio de la Royal Institute of British Architects en 2012, p\u00f3stumamente. Adem\u00e1s, fue miembro de la Academia Nacional de Arquitectura de M\u00e9xico y de la Academia de las Artes de Berl\u00edn.<br \/>La obra de Ricardo Legorreta ha dejado una huella significativa en la arquitectura contempor\u00e1nea de M\u00e9xico y del mundo. Su estilo distintivo, basado en el uso del color y la geometr\u00eda, ha influido a numerosos arquitectos y su legado contin\u00faa inspirando nuevas generaciones de creadores en todo el mundo.<br \/><\/span><\/p>\t\t\t\t\t\t\t\t<\/div>\n\t\t\t\t<\/div>\n\t\t\t\t<div class=\"elementor-element elementor-element-7a442215 elementor-widget elementor-widget-html\" data-id=\"7a442215\" data-element_type=\"widget\" data-e-type=\"widget\" data-widget_type=\"html.default\">\n\t\t\t\t<div class=\"elementor-widget-container\">\n\t\t\t\t\t<div style=\"width: 100%; border-top: 2px solid #CCCCCC; margin: 20px 0;\"><\/div>\t\t\t\t<\/div>\n\t\t\t\t<\/div>\n\t\t\t\t<div class=\"elementor-element elementor-element-cddbf02 elementor-widget elementor-widget-image\" data-id=\"cddbf02\" data-element_type=\"widget\" data-e-type=\"widget\" data-widget_type=\"image.default\">\n\t\t\t\t<div class=\"elementor-widget-container\">\n\t\t\t\t\t\t\t\t\t\t\t\t\t\t\t\t<a href=\"https:\/\/alhersem.com\/diseno-instalaciones#precotizador\">\n\t\t\t\t\t\t\t<img loading=\"lazy\" decoding=\"async\" width=\"750\" height=\"159\" src=\"https:\/\/alhersem.com\/blog\/wp-content\/uploads\/2023\/09\/proyecto-1-1024x217.png\" class=\"attachment-large size-large wp-image-7024\" alt=\"\" srcset=\"https:\/\/alhersem.com\/blog\/wp-content\/uploads\/2023\/09\/proyecto-1-1024x217.png 1024w, https:\/\/alhersem.com\/blog\/wp-content\/uploads\/2023\/09\/proyecto-1-300x64.png 300w, https:\/\/alhersem.com\/blog\/wp-content\/uploads\/2023\/09\/proyecto-1-768x163.png 768w, https:\/\/alhersem.com\/blog\/wp-content\/uploads\/2023\/09\/proyecto-1.png 1266w\" sizes=\"(max-width: 750px) 100vw, 750px\" style=\"width:100%;height:21.17%;max-width:1266px\" \/>\t\t\t\t\t\t\t\t<\/a>\n\t\t\t\t\t\t\t\t\t\t\t\t\t\t\t<\/div>\n\t\t\t\t<\/div>\n\t\t\t\t<div class=\"elementor-element elementor-element-dc40b99 elementor-widget elementor-widget-html\" data-id=\"dc40b99\" data-element_type=\"widget\" data-e-type=\"widget\" data-widget_type=\"html.default\">\n\t\t\t\t<div class=\"elementor-widget-container\">\n\t\t\t\t\t<div style=\"width: 100%; border-top: 2px solid #CCCCCC; margin: 20px 0;\"><\/div>\t\t\t\t<\/div>\n\t\t\t\t<\/div>\n\t\t\t\t<div class=\"elementor-element elementor-element-026d2b4 elementor-widget elementor-widget-heading\" data-id=\"026d2b4\" data-element_type=\"widget\" data-e-type=\"widget\" data-widget_type=\"heading.default\">\n\t\t\t\t<div class=\"elementor-widget-container\">\n\t\t\t\t\t<h2 class=\"elementor-heading-title elementor-size-default\">Michel Rojkind (nacido en 1969)<\/h2>\t\t\t\t<\/div>\n\t\t\t\t<\/div>\n\t\t\t\t<section class=\"elementor-section elementor-inner-section elementor-element elementor-element-34e70ce elementor-section-full_width elementor-section-height-default elementor-section-height-default\" data-id=\"34e70ce\" data-element_type=\"section\" data-e-type=\"section\">\n\t\t\t\t\t\t<div class=\"elementor-container elementor-column-gap-no\">\n\t\t\t\t\t<div class=\"elementor-column elementor-col-100 elementor-inner-column elementor-element elementor-element-503eb63\" data-id=\"503eb63\" data-element_type=\"column\" data-e-type=\"column\">\n\t\t\t<div class=\"elementor-widget-wrap elementor-element-populated\">\n\t\t\t\t\t\t<div class=\"elementor-element elementor-element-21a0528 elementor-widget elementor-widget-image\" data-id=\"21a0528\" data-element_type=\"widget\" data-e-type=\"widget\" data-widget_type=\"image.default\">\n\t\t\t\t<div class=\"elementor-widget-container\">\n\t\t\t\t\t\t\t\t\t\t\t\t\t\t\t<img loading=\"lazy\" decoding=\"async\" width=\"750\" height=\"155\" src=\"https:\/\/alhersem.com\/blog\/wp-content\/uploads\/2023\/02\/Michel-Rojkind.jpg\" class=\"attachment-large size-large wp-image-3528\" alt=\"Michel Rojkind y sus obras\" srcset=\"https:\/\/alhersem.com\/blog\/wp-content\/uploads\/2023\/02\/Michel-Rojkind.jpg 755w, https:\/\/alhersem.com\/blog\/wp-content\/uploads\/2023\/02\/Michel-Rojkind-300x62.jpg 300w\" sizes=\"(max-width: 750px) 100vw, 750px\" style=\"width:100%;height:20.66%;max-width:755px\" \/>\t\t\t\t\t\t\t\t\t\t\t\t\t\t\t<\/div>\n\t\t\t\t<\/div>\n\t\t\t\t\t<\/div>\n\t\t<\/div>\n\t\t\t\t\t<\/div>\n\t\t<\/section>\n\t\t\t\t<div class=\"elementor-element elementor-element-7f97d4a elementor-widget elementor-widget-text-editor\" data-id=\"7f97d4a\" data-element_type=\"widget\" data-e-type=\"widget\" data-widget_type=\"text-editor.default\">\n\t\t\t\t<div class=\"elementor-widget-container\">\n\t\t\t\t\t\t\t\t\t<p><span style=\"color: #4d4d4d;\">Es un arquitecto y fundador de Rojkind Arquitectos, uno de los estudios m\u00e1s innovadores y vanguardistas en M\u00e9xico. Nacido en la Ciudad de M\u00e9xico en 1969, Rojkind estudi\u00f3 arquitectura en la Universidad Iberoamericana.<br \/>En 2002, fund\u00f3 Rojkind Arquitectos, con sede en la Ciudad de M\u00e9xico, y desde entonces ha sido reconocido por su enfoque innovador y su trabajo en proyectos de gran envergadura y complejidad t\u00e9cnica.<br \/>Uno de los proyectos m\u00e1s emblem\u00e1ticos de Rojkind es la remodelaci\u00f3n de la Cineteca nacional de la Ciudad de M\u00e9xico, el cual recibi\u00f3 una renovaci\u00f3n completa en 2008. Rojkind y su equipo transformaron el espacio en un edificio moderno y funcional, con una fachada ondulante y un interior espacioso y acogedor. El proyecto fue un \u00e9xito tanto en t\u00e9rminos de funcionalidad como de dise\u00f1o, y se convirti\u00f3 en un referente para la arquitectura contempor\u00e1nea en M\u00e9xico.<br \/>Otro proyecto notable de Rojkind es el Nestl\u00e9 Chocolate Museum en Toluca, M\u00e9xico, el cual se inaugur\u00f3 en 2009. El edificio de tres pisos cuenta con una fachada de vidrio y una estructura de acero que asemeja una barra de chocolate. El museo es un ejemplo de la habilidad de Rojkind para crear edificios atractivos y funcionales que reflejan la identidad de una marca o instituci\u00f3n.<br \/>Rojkind tambi\u00e9n es conocido por su trabajo en el dise\u00f1o de tiendas y restaurantes, incluyendo Mercado Roma en la Ciudad de M\u00e9xico y el centro comercial Liverpool Interlomas, M\u00e9xico.<br \/>Adem\u00e1s de su trabajo como arquitecto, Rojkind ha sido profesor en la Universidad Iberoamericana y ha impartido conferencias en todo el mundo. En 2017, fue nombrado miembro de la Academia Nacional de Arquitectura de M\u00e9xico, en reconocimiento a su destacada trayectoria profesional.<br \/>La obra de Rojkind es un ejemplo de c\u00f3mo la arquitectura puede fusionar el dise\u00f1o innovador con la funcionalidad y la sostenibilidad, y ha sido reconocida tanto en M\u00e9xico como en todo el mundo por su capacidad para crear edificios ic\u00f3nicos y relevantes en la actualidad.<br \/><\/span><\/p>\t\t\t\t\t\t\t\t<\/div>\n\t\t\t\t<\/div>\n\t\t\t\t<div class=\"elementor-element elementor-element-f924f52 elementor-widget elementor-widget-html\" data-id=\"f924f52\" data-element_type=\"widget\" data-e-type=\"widget\" data-widget_type=\"html.default\">\n\t\t\t\t<div class=\"elementor-widget-container\">\n\t\t\t\t\t<div style=\"width: 100%; border-top: 2px solid #CCCCCC; margin: 20px 0;\"><\/div>\t\t\t\t<\/div>\n\t\t\t\t<\/div>\n\t\t\t\t<div class=\"elementor-element elementor-element-c9303f4 elementor-widget elementor-widget-heading\" data-id=\"c9303f4\" data-element_type=\"widget\" data-e-type=\"widget\" data-widget_type=\"heading.default\">\n\t\t\t\t<div class=\"elementor-widget-container\">\n\t\t\t\t\t<h2 class=\"elementor-heading-title elementor-size-default\">Benjam\u00edn Romano (nacido en 1955)<\/h2>\t\t\t\t<\/div>\n\t\t\t\t<\/div>\n\t\t\t\t<section class=\"elementor-section elementor-inner-section elementor-element elementor-element-6744fab elementor-section-full_width elementor-section-height-default elementor-section-height-default\" data-id=\"6744fab\" data-element_type=\"section\" data-e-type=\"section\">\n\t\t\t\t\t\t<div class=\"elementor-container elementor-column-gap-no\">\n\t\t\t\t\t<div class=\"elementor-column elementor-col-100 elementor-inner-column elementor-element elementor-element-edca084\" data-id=\"edca084\" data-element_type=\"column\" data-e-type=\"column\">\n\t\t\t<div class=\"elementor-widget-wrap elementor-element-populated\">\n\t\t\t\t\t\t<div class=\"elementor-element elementor-element-0f4b570 elementor-widget elementor-widget-image\" data-id=\"0f4b570\" data-element_type=\"widget\" data-e-type=\"widget\" data-widget_type=\"image.default\">\n\t\t\t\t<div class=\"elementor-widget-container\">\n\t\t\t\t\t\t\t\t\t\t\t\t\t\t\t<img loading=\"lazy\" decoding=\"async\" width=\"750\" height=\"155\" src=\"https:\/\/alhersem.com\/blog\/wp-content\/uploads\/2023\/02\/benjamin-romano.jpg\" class=\"attachment-large size-large wp-image-3523\" alt=\"Benjamin Romano y sus obras\" srcset=\"https:\/\/alhersem.com\/blog\/wp-content\/uploads\/2023\/02\/benjamin-romano.jpg 755w, https:\/\/alhersem.com\/blog\/wp-content\/uploads\/2023\/02\/benjamin-romano-300x62.jpg 300w\" sizes=\"(max-width: 750px) 100vw, 750px\" style=\"width:100%;height:20.66%;max-width:755px\" \/>\t\t\t\t\t\t\t\t\t\t\t\t\t\t\t<\/div>\n\t\t\t\t<\/div>\n\t\t\t\t\t<\/div>\n\t\t<\/div>\n\t\t\t\t\t<\/div>\n\t\t<\/section>\n\t\t\t\t<div class=\"elementor-element elementor-element-f18bf87 elementor-widget elementor-widget-text-editor\" data-id=\"f18bf87\" data-element_type=\"widget\" data-e-type=\"widget\" data-widget_type=\"text-editor.default\">\n\t\t\t\t<div class=\"elementor-widget-container\">\n\t\t\t\t\t\t\t\t\t<p><span style=\"color: #4d4d4d;\">Nacido en Ciudad de M\u00e9xico en 1955, para 1978, tras concluir sus estudios en la Universidad Iberoamericana, Benjam\u00edn Romano ya estar\u00eda trabajando con gente tan prestigiada como el ingeniero Heberto Castillo, y en obras tan grandes como un complejo industrial de 19 km\u00b2 en el estado Hidalgo. Desde entonces, no ha dejado de trabajar y los proyectos que aborda desde su despacho incluyen lo mismo complejos residenciales o industriales, que educacionales o de oficinas. <br \/>Fundador del despacho LBR&amp;A, quien recibi\u00f3 un premio en los Iconic Awards: Innovative Architecture del Consejo Alem\u00e1n de Dise\u00f1o por su proyecto Casa CH73, en la secci\u00f3n especial de Best of the Best dentro de la categor\u00eda de Arquitectura. Este proyecto busca ser una referencia en el uso de sistemas y certificaciones sustentables que funcionen como una alternativa para afrontar la contaminaci\u00f3n urbana, siguiendo la propuesta arquitect\u00f3nica net zero, que busca emisiones nulas de residuos y un gasto energ\u00e9tico m\u00ednimo.<br \/>Otra de las grandes obras de Benjam\u00edn Romano es la Torre Reforma, un edificio sustentable con el distintivo LEED Platino y considerado el rascacielos m\u00e1s alto de la Ciudad de M\u00e9xico, con 246 metros de altura y 57 pisos. A pesar de su gran tama\u00f1o, este edificio no cuenta con una sola columna, lo que brinda a los usuarios espacios flexibles que se adaptan a sus necesidades. La Torre Reforma recibi\u00f3 el Premio Internacional de Rascacielos 2018 (IHA) y la medalla de oro en la XIV Bienal de Arquitectura en la categor\u00eda de oficinas, entre otros reconocimientos.<br \/>Otras obras representativas del arquitecto son la Torre Bosques, un edificio residencial de 29 plantas ubicado en Huixquilucan, y la Torre Chapultepec, considerada el primer edificio inteligente de M\u00e9xico y un \u00edcono de flexibilidad, eficiencia espacial, estructural y tecnol\u00f3gica.<br \/><\/span><\/p>\t\t\t\t\t\t\t\t<\/div>\n\t\t\t\t<\/div>\n\t\t\t\t<div class=\"elementor-element elementor-element-085b6cf elementor-widget elementor-widget-html\" data-id=\"085b6cf\" data-element_type=\"widget\" data-e-type=\"widget\" data-widget_type=\"html.default\">\n\t\t\t\t<div class=\"elementor-widget-container\">\n\t\t\t\t\t<div style=\"width: 100%; border-top: 2px solid #CCCCCC; margin: 20px 0;\"><\/div>\t\t\t\t<\/div>\n\t\t\t\t<\/div>\n\t\t\t\t<div class=\"elementor-element elementor-element-743afdc elementor-widget elementor-widget-heading\" data-id=\"743afdc\" data-element_type=\"widget\" data-e-type=\"widget\" data-widget_type=\"heading.default\">\n\t\t\t\t<div class=\"elementor-widget-container\">\n\t\t\t\t\t<h2 class=\"elementor-heading-title elementor-size-default\">Enrique Norten (nacido en 1954)<\/h2>\t\t\t\t<\/div>\n\t\t\t\t<\/div>\n\t\t\t\t<section class=\"elementor-section elementor-inner-section elementor-element elementor-element-1d2fe8f elementor-section-full_width elementor-section-height-default elementor-section-height-default\" data-id=\"1d2fe8f\" data-element_type=\"section\" data-e-type=\"section\">\n\t\t\t\t\t\t<div class=\"elementor-container elementor-column-gap-no\">\n\t\t\t\t\t<div class=\"elementor-column elementor-col-100 elementor-inner-column elementor-element elementor-element-feee9a1\" data-id=\"feee9a1\" data-element_type=\"column\" data-e-type=\"column\">\n\t\t\t<div class=\"elementor-widget-wrap elementor-element-populated\">\n\t\t\t\t\t\t<div class=\"elementor-element elementor-element-48dfb55 elementor-widget elementor-widget-image\" data-id=\"48dfb55\" data-element_type=\"widget\" data-e-type=\"widget\" data-widget_type=\"image.default\">\n\t\t\t\t<div class=\"elementor-widget-container\">\n\t\t\t\t\t\t\t\t\t\t\t\t\t\t\t<img loading=\"lazy\" decoding=\"async\" width=\"750\" height=\"155\" src=\"https:\/\/alhersem.com\/blog\/wp-content\/uploads\/2023\/02\/enrique-norten.jpg\" class=\"attachment-large size-large wp-image-3524\" alt=\"Enrique Norten y sus obras\" srcset=\"https:\/\/alhersem.com\/blog\/wp-content\/uploads\/2023\/02\/enrique-norten.jpg 755w, https:\/\/alhersem.com\/blog\/wp-content\/uploads\/2023\/02\/enrique-norten-300x62.jpg 300w\" sizes=\"(max-width: 750px) 100vw, 750px\" style=\"width:100%;height:20.66%;max-width:755px\" \/>\t\t\t\t\t\t\t\t\t\t\t\t\t\t\t<\/div>\n\t\t\t\t<\/div>\n\t\t\t\t\t<\/div>\n\t\t<\/div>\n\t\t\t\t\t<\/div>\n\t\t<\/section>\n\t\t\t\t<div class=\"elementor-element elementor-element-48784c1 elementor-widget elementor-widget-text-editor\" data-id=\"48784c1\" data-element_type=\"widget\" data-e-type=\"widget\" data-widget_type=\"text-editor.default\">\n\t\t\t\t<div class=\"elementor-widget-container\">\n\t\t\t\t\t\t\t\t\t<p><span style=\"color: #4d4d4d;\">Enrique Norten es un arquitecto mexicano de renombre internacional, conocido por su enfoque innovador en el dise\u00f1o arquitect\u00f3nico y su compromiso con la sostenibilidad y la responsabilidad social. Nacido en la Ciudad de M\u00e9xico en 1954, Norten estudi\u00f3 arquitectura en la Universidad Iberoamericana de la Ciudad de M\u00e9xico y m\u00e1s tarde en la Universidad de Cornell en Nueva York, donde obtuvo su maestr\u00eda en arquitectura en 1980.<br \/>Despu\u00e9s de graduarse, Norten trabaj\u00f3 en varias firmas de arquitectura en Nueva York, incluyendo las firmas de Philip Johnson y Richard Meier. En 1986, fund\u00f3 su propia firma de arquitectura, TEN Arquitectos, con sede en la Ciudad de M\u00e9xico y Nueva York.<br \/>A lo largo de su carrera, Norten ha dise\u00f1ado una amplia variedad de edificios, desde viviendas unifamiliares hasta complejos de viviendas, oficinas y centros culturales. Entre sus proyectos m\u00e1s destacados se encuentran el Hotel Americano en Nueva York, el Centro de Artes Esc\u00e9nicas de Guadalajara y el Conjunto Habitacional Santa Fe en la Ciudad de M\u00e9xico.<br \/>Uno de los enfoques m\u00e1s notables de Norten es su compromiso con la sostenibilidad y la responsabilidad social en la arquitectura. Ha sido un defensor activo de la arquitectura verde y ha trabajado en varios proyectos que incorporan tecnolog\u00edas y materiales ecol\u00f3gicos, como sistemas de energ\u00eda solar y t\u00e9cnicas de construcci\u00f3n sostenible. Adem\u00e1s, ha sido reconocido por su compromiso con la responsabilidad social en la arquitectura, trabajando en proyectos que benefician a comunidades marginadas y desfavorecidas.<br \/>En reconocimiento a su trabajo, Norten ha recibido numerosos premios y reconocimientos a lo largo de su carrera. En 2005, recibi\u00f3 la Medalla de Oro del AIA New York Chapter, el premio m\u00e1s alto otorgado por la organizaci\u00f3n. Tambi\u00e9n ha sido galardonado con el Premio Nacional de Artes y Literatura de M\u00e9xico, el Premio Mies van der Rohe de Arquitectura Latinoamericana y el Premio de Arquitectura Contempor\u00e1nea de la Uni\u00f3n Europea.<br \/>En resumen, Enrique Norten es un arquitecto mexicano de renombre internacional conocido por su enfoque innovador en el dise\u00f1o arquitect\u00f3nico y su compromiso con la sostenibilidad y la responsabilidad social. Su trabajo ha dejado una huella importante en la Ciudad de M\u00e9xico, Nueva York y en otros lugares del mundo, y su compromiso con la arquitectura verde y la responsabilidad social es un ejemplo para arquitectos y urbanistas en todo el mundo.<br \/><\/span><\/p>\t\t\t\t\t\t\t\t<\/div>\n\t\t\t\t<\/div>\n\t\t\t\t<div class=\"elementor-element elementor-element-6aa95bf elementor-widget elementor-widget-html\" data-id=\"6aa95bf\" data-element_type=\"widget\" data-e-type=\"widget\" data-widget_type=\"html.default\">\n\t\t\t\t<div class=\"elementor-widget-container\">\n\t\t\t\t\t<div style=\"width: 100%; border-top: 2px solid #CCCCCC; margin: 20px 0;\"><\/div>\t\t\t\t<\/div>\n\t\t\t\t<\/div>\n\t\t\t\t<div class=\"elementor-element elementor-element-ee8cad5 elementor-widget elementor-widget-heading\" data-id=\"ee8cad5\" data-element_type=\"widget\" data-e-type=\"widget\" data-widget_type=\"heading.default\">\n\t\t\t\t<div class=\"elementor-widget-container\">\n\t\t\t\t\t<h2 class=\"elementor-heading-title elementor-size-default\">Tatiana Bilbao (nacida en 1972)<\/h2>\t\t\t\t<\/div>\n\t\t\t\t<\/div>\n\t\t\t\t<section class=\"elementor-section elementor-inner-section elementor-element elementor-element-2732d3f elementor-section-full_width elementor-section-height-default elementor-section-height-default\" data-id=\"2732d3f\" data-element_type=\"section\" data-e-type=\"section\">\n\t\t\t\t\t\t<div class=\"elementor-container elementor-column-gap-no\">\n\t\t\t\t\t<div class=\"elementor-column elementor-col-100 elementor-inner-column elementor-element elementor-element-a88dc75\" data-id=\"a88dc75\" data-element_type=\"column\" data-e-type=\"column\">\n\t\t\t<div class=\"elementor-widget-wrap elementor-element-populated\">\n\t\t\t\t\t\t<div class=\"elementor-element elementor-element-d8ab32a elementor-widget elementor-widget-image\" data-id=\"d8ab32a\" data-element_type=\"widget\" data-e-type=\"widget\" data-widget_type=\"image.default\">\n\t\t\t\t<div class=\"elementor-widget-container\">\n\t\t\t\t\t\t\t\t\t\t\t\t\t\t\t<img loading=\"lazy\" decoding=\"async\" width=\"750\" height=\"155\" src=\"https:\/\/alhersem.com\/blog\/wp-content\/uploads\/2023\/02\/tatitana-bilbao.jpg\" class=\"attachment-large size-large wp-image-3531\" alt=\"Tatiana Bilbao y sus obras\" srcset=\"https:\/\/alhersem.com\/blog\/wp-content\/uploads\/2023\/02\/tatitana-bilbao.jpg 755w, https:\/\/alhersem.com\/blog\/wp-content\/uploads\/2023\/02\/tatitana-bilbao-300x62.jpg 300w\" sizes=\"(max-width: 750px) 100vw, 750px\" style=\"width:100%;height:20.66%;max-width:755px\" \/>\t\t\t\t\t\t\t\t\t\t\t\t\t\t\t<\/div>\n\t\t\t\t<\/div>\n\t\t\t\t\t<\/div>\n\t\t<\/div>\n\t\t\t\t\t<\/div>\n\t\t<\/section>\n\t\t\t\t<div class=\"elementor-element elementor-element-4bda932 elementor-widget elementor-widget-text-editor\" data-id=\"4bda932\" data-element_type=\"widget\" data-e-type=\"widget\" data-widget_type=\"text-editor.default\">\n\t\t\t\t<div class=\"elementor-widget-container\">\n\t\t\t\t\t\t\t\t\t<p><span style=\"color: #4d4d4d;\">Tatiana Bilbao es una arquitecta mexicana de renombre internacional, conocida por su enfoque innovador en la arquitectura y su compromiso con la sostenibilidad y la responsabilidad social. Nacida en la Ciudad de M\u00e9xico en 1972, Bilbao estudi\u00f3 arquitectura en la Universidad Iberoamericana y m\u00e1s tarde en la Universidad de Harvard, donde obtuvo una maestr\u00eda en arquitectura en 1998.<br \/>Despu\u00e9s de graduarse, Bilbao trabaj\u00f3 en varias firmas de arquitectura en M\u00e9xico y en el extranjero, incluyendo las firmas de Peter Eisenman y Rem Koolhaas. En 2004, fund\u00f3 su propia firma de arquitectura, Tatiana Bilbao Estudio, con sede en la Ciudad de M\u00e9xico.<br \/>A lo largo de su carrera, Bilbao ha dise\u00f1ado una amplia variedad de edificios, desde viviendas unifamiliares hasta centros culturales y de investigaci\u00f3n. Entre sus proyectos m\u00e1s destacados se encuentran la Casa Ventura en M\u00e9xico, el Pabell\u00f3n de M\u00e9xico en la Expo 2010 de Shangh\u00e1i y el Centro de Interpretaci\u00f3n de la Naturaleza y la Cultura en M\u00e9xico.<br \/>Uno de los enfoques m\u00e1s notables de Bilbao es su compromiso con la sostenibilidad y la responsabilidad social en la arquitectura. Ha sido un defensor activo de la arquitectura verde y ha trabajado en varios proyectos que incorporan tecnolog\u00edas y materiales ecol\u00f3gicos, como sistemas de energ\u00eda solar y t\u00e9cnicas de construcci\u00f3n sostenible. Adem\u00e1s, ha sido reconocida por su compromiso con la responsabilidad social en la arquitectura, trabajando en proyectos que benefician a comunidades marginadas y desfavorecidas.<br \/>En reconocimiento a su trabajo, Bilbao ha recibido numerosos premios y reconocimientos a lo largo de su carrera. En 2014, recibi\u00f3 la Medalla de Oro del AIA New York Chapter, el premio m\u00e1s alto otorgado por la organizaci\u00f3n. Tambi\u00e9n ha sido galardonada con el Premio Global de Arquitectura Sostenible, el Premio Nacional de Arquitectura y el Premio de Arquitectura Contempor\u00e1nea de la Uni\u00f3n Europea.<br \/>En resumen, Tatiana Bilbao es una arquitecta mexicana de renombre internacional, conocida por su enfoque innovador en la arquitectura y su compromiso con la sostenibilidad y la responsabilidad social. Su trabajo ha dejado una huella importante en la Ciudad de M\u00e9xico y en otros lugares del mundo, y su compromiso con la arquitectura verde y la responsabilidad social es un ejemplo para arquitectos y urbanistas en todo el mundo.<br \/><\/span><\/p>\t\t\t\t\t\t\t\t<\/div>\n\t\t\t\t<\/div>\n\t\t\t\t<div class=\"elementor-element elementor-element-9e4bbe0 elementor-widget elementor-widget-html\" data-id=\"9e4bbe0\" data-element_type=\"widget\" data-e-type=\"widget\" data-widget_type=\"html.default\">\n\t\t\t\t<div class=\"elementor-widget-container\">\n\t\t\t\t\t<div style=\"width: 100%; border-top: 2px solid #CCCCCC; margin: 20px 0;\"><\/div>\t\t\t\t<\/div>\n\t\t\t\t<\/div>\n\t\t\t\t<div class=\"elementor-element elementor-element-c8455c9 elementor-widget elementor-widget-heading\" data-id=\"c8455c9\" data-element_type=\"widget\" data-e-type=\"widget\" data-widget_type=\"heading.default\">\n\t\t\t\t<div class=\"elementor-widget-container\">\n\t\t\t\t\t<h2 class=\"elementor-heading-title elementor-size-default\">Pedro Ram\u00edrez V\u00e1zquez (1919-2013)<\/h2>\t\t\t\t<\/div>\n\t\t\t\t<\/div>\n\t\t\t\t<section class=\"elementor-section elementor-inner-section elementor-element elementor-element-30be0d7 elementor-section-full_width elementor-section-height-default elementor-section-height-default\" data-id=\"30be0d7\" data-element_type=\"section\" data-e-type=\"section\">\n\t\t\t\t\t\t<div class=\"elementor-container elementor-column-gap-no\">\n\t\t\t\t\t<div class=\"elementor-column elementor-col-100 elementor-inner-column elementor-element elementor-element-010ca43\" data-id=\"010ca43\" data-element_type=\"column\" data-e-type=\"column\">\n\t\t\t<div class=\"elementor-widget-wrap elementor-element-populated\">\n\t\t\t\t\t\t<div class=\"elementor-element elementor-element-0d205a7 elementor-widget elementor-widget-image\" data-id=\"0d205a7\" data-element_type=\"widget\" data-e-type=\"widget\" data-widget_type=\"image.default\">\n\t\t\t\t<div class=\"elementor-widget-container\">\n\t\t\t\t\t\t\t\t\t\t\t\t\t\t\t<img loading=\"lazy\" decoding=\"async\" width=\"750\" height=\"155\" src=\"https:\/\/alhersem.com\/blog\/wp-content\/uploads\/2023\/02\/pedro-ramirez-vasquez.jpg\" class=\"attachment-large size-large wp-image-3529\" alt=\"Pedro Ramirez Vasquez y sus obras\" srcset=\"https:\/\/alhersem.com\/blog\/wp-content\/uploads\/2023\/02\/pedro-ramirez-vasquez.jpg 755w, https:\/\/alhersem.com\/blog\/wp-content\/uploads\/2023\/02\/pedro-ramirez-vasquez-300x62.jpg 300w\" sizes=\"(max-width: 750px) 100vw, 750px\" style=\"width:100%;height:20.66%;max-width:755px\" \/>\t\t\t\t\t\t\t\t\t\t\t\t\t\t\t<\/div>\n\t\t\t\t<\/div>\n\t\t\t\t\t<\/div>\n\t\t<\/div>\n\t\t\t\t\t<\/div>\n\t\t<\/section>\n\t\t\t\t<div class=\"elementor-element elementor-element-3eea237 elementor-widget elementor-widget-text-editor\" data-id=\"3eea237\" data-element_type=\"widget\" data-e-type=\"widget\" data-widget_type=\"text-editor.default\">\n\t\t\t\t<div class=\"elementor-widget-container\">\n\t\t\t\t\t\t\t\t\t<p><span style=\"color: #4d4d4d;\">Pedro Ram\u00edrez V\u00e1zquez (1919-2013) fue un arquitecto mexicano que destac\u00f3 por su participaci\u00f3n en la realizaci\u00f3n de grandes proyectos arquitect\u00f3nicos y urban\u00edsticos en M\u00e9xico y otros pa\u00edses. Nacido en la Ciudad de M\u00e9xico, estudi\u00f3 en la Escuela Nacional de Arquitectura de la Universidad Nacional Aut\u00f3noma de M\u00e9xico (UNAM) y en la \u00c9cole des Beaux-Arts de Par\u00eds.<br \/>Durante su larga trayectoria profesional, Ram\u00edrez V\u00e1zquez particip\u00f3 en importantes proyectos arquitect\u00f3nicos y urban\u00edsticos en M\u00e9xico y otros pa\u00edses. Uno de sus proyectos m\u00e1s emblem\u00e1ticos fue la construcci\u00f3n del Estadio Azteca, uno de los estadios de f\u00fatbol m\u00e1s grandes y modernos del mundo, que fue construido en la Ciudad de M\u00e9xico en 1966 para ser sede de la Copa del Mundo de 1970. El estadio cuenta con una capacidad para 100,000 espectadores y ha sido sede de importantes eventos deportivos y culturales.<br \/>Adem\u00e1s del Estadio Azteca, Ram\u00edrez V\u00e1zquez tambi\u00e9n fue responsable de la construcci\u00f3n de otros importantes proyectos en la Ciudad de M\u00e9xico, como la Bas\u00edlica de Guadalupe, y tambi\u00e9n fue el dise\u00f1ador del Museo de antropolog\u00eda e Historia de la ciudad de M\u00e9xico.<br \/>Ram\u00edrez V\u00e1zquez tambi\u00e9n fue un importante urbanista y planificador, habiendo participado en la elaboraci\u00f3n del Plan Maestro de Desarrollo Urbano de la Ciudad de M\u00e9xico y del Plan Nacional de Desarrollo Urbano y Regional de M\u00e9xico. Tambi\u00e9n fue miembro fundador de la Asociaci\u00f3n Internacional de Planificaci\u00f3n Urbana y Regional.<br \/>En reconocimiento a su trabajo, Ram\u00edrez V\u00e1zquez recibi\u00f3 numerosos premios y reconocimientos a lo largo de su carrera. Fue galardonado con la Medalla de Oro de la Academia de Artes de M\u00e9xico, el Premio Nacional de Ciencias y Artes en el \u00e1rea de Bellas Artes y Literatura, y fue nombrado Caballero de la Legi\u00f3n de Honor por el gobierno franc\u00e9s.<br \/>En resumen, Pedro Ram\u00edrez V\u00e1zquez fue un arquitecto y urbanista mexicano que destac\u00f3 por su participaci\u00f3n en importantes proyectos arquitect\u00f3nicos y urban\u00edsticos en M\u00e9xico y otros pa\u00edses. Su trabajo en el Estadio Azteca, El museo de Antropolog\u00eda y otros proyectos emblem\u00e1ticos lo convierten en una figura importante en la historia de la arquitectura mexicana y su legado sigue siendo una inspiraci\u00f3n para los arquitectos y urbanistas de hoy en d\u00eda.<br \/><\/span><\/p>\t\t\t\t\t\t\t\t<\/div>\n\t\t\t\t<\/div>\n\t\t\t\t<div class=\"elementor-element elementor-element-9a54fd2 elementor-widget elementor-widget-text-editor\" data-id=\"9a54fd2\" data-element_type=\"widget\" data-e-type=\"widget\" data-widget_type=\"text-editor.default\">\n\t\t\t\t<div class=\"elementor-widget-container\">\n\t\t\t\t\t\t\t\t\t<p><span style=\"color: #4d4d4d;\">Estos 10 arquitectos son solo algunos ejemplos de la rica y diversa historia de la arquitectura en M\u00e9xico. Cada uno de ellos ha dejado su huella en el paisaje urbano y en la cultura arquitect\u00f3nica del pa\u00eds, y sus obras son una muestra del talento y la creatividad de los arquitectos mexicanos.<br \/><\/span><\/p>\t\t\t\t\t\t\t\t<\/div>\n\t\t\t\t<\/div>\n\t\t\t\t<div class=\"elementor-element elementor-element-febaebf elementor-widget elementor-widget-html\" data-id=\"febaebf\" data-element_type=\"widget\" data-e-type=\"widget\" data-widget_type=\"html.default\">\n\t\t\t\t<div class=\"elementor-widget-container\">\n\t\t\t\t\t<div style=\"width: 100%; border-top: 2px solid #CCCCCC; margin: 20px 0;\"><\/div>\t\t\t\t<\/div>\n\t\t\t\t<\/div>\n\t\t\t\t<div class=\"elementor-element elementor-element-28646538 elementor-widget elementor-widget-html\" data-id=\"28646538\" data-element_type=\"widget\" data-e-type=\"widget\" data-widget_type=\"html.default\">\n\t\t\t\t<div class=\"elementor-widget-container\">\n\t\t\t\t\t<div class=\"container blog-list-post-comment\">\n    <h2>Comentarios<\/h2>\n    <p class=\"descripcionform\">Nos interesa conocer tu opini\u00f3n, d\u00e9janos un comentario<\/p>\n    <form id=\"formcomentario\" class=\"form-blue\" action=\"https:\/\/alhersem.com\/comentario\/blog\/crear\" method=\"POST\">\n        <input type=\"hidden\" id=\"tituloblog\" name=\"tituloblog\" value=\"\">\n        <input type=\"hidden\" id=\"linkblog\" name=\"linkblog\" value=\"\">\n        <input type=\"hidden\" id=\"fechac\" name=\"fechac\" value=\"\">\n        <div class=\"row my-3\">\n            <div class=\"col\">\n                <label for=\"nombre\">Nombre: <span style=\"color: red;\">*<\/span><\/label>\n                <input type=\"text\" id=\"nombre\" name=\"nombre\" class=\"form-control\" placeholder=\"\" required>\n            <\/div>\n            <div class=\"col\">\n                <label for=\"correo\">Correo: <span style=\"color: red;\">*<\/span><\/label>\n                <input type=\"email\" id=\"correo\" name=\"correo\" class=\"form-control\" placeholder=\"\" required>\n            <\/div>\n        <\/div>\n        <label for=\"comentario\">Comentario: <span style=\"color: red;\">*<\/span><\/label>\n        <textarea id=\"comentario\" name=\"comentario\" class=\"form-control mb-3\" placeholder=\"\" rows=\"5\" required><\/textarea>\n        <button id=\"bton\" class=\"btn d-flex mr-0 ml-auto\" onclick=\"enviar_cometario_blog()\">Enviar<\/button>\n    <\/form>\n<\/div>\t\t\t\t<\/div>\n\t\t\t\t<\/div>\n\t\t\t\t<div class=\"elementor-element elementor-element-106f1a87 elementor-widget elementor-widget-html\" data-id=\"106f1a87\" data-element_type=\"widget\" data-e-type=\"widget\" data-widget_type=\"html.default\">\n\t\t\t\t<div class=\"elementor-widget-container\">\n\t\t\t\t\t<div id=\"comentcontainer\"><\/div>\t\t\t\t<\/div>\n\t\t\t\t<\/div>\n\t\t\t\t\t<\/div>\n\t\t<\/div>\n\t\t\t\t\t<\/div>\n\t\t<\/section>\n\t\t\t\t<section class=\"elementor-section elementor-top-section elementor-element elementor-element-83e3244 elementor-section-full_width elementor-section-height-default elementor-section-height-default\" data-id=\"83e3244\" data-element_type=\"section\" data-e-type=\"section\">\n\t\t\t\t\t\t<div class=\"elementor-container elementor-column-gap-default\">\n\t\t\t\t\t<div class=\"elementor-column elementor-col-100 elementor-top-column elementor-element elementor-element-71612c18\" data-id=\"71612c18\" data-element_type=\"column\" data-e-type=\"column\">\n\t\t\t<div class=\"elementor-widget-wrap elementor-element-populated\">\n\t\t\t\t\t\t<div class=\"elementor-element elementor-element-1c80309e elementor-widget elementor-widget-html\" data-id=\"1c80309e\" data-element_type=\"widget\" data-e-type=\"widget\" data-widget_type=\"html.default\">\n\t\t\t\t<div class=\"elementor-widget-container\">\n\t\t\t\t\t<div class=\"widget\">\r\n    <div class=\"sidebar-widget-title mb-25\">\r\n        <h4><span>Tambi\u00e9n podr\u00eda interesarte:<\/span><\/h4>\r\n    <\/div>\r\n    <div id=\"cont_rel_blogs\" class=\"d-flex flex-column flex-md-row align-items-center align-items-md-start justify-content-center\"><\/div>\r\n<\/div>\t\t\t\t<\/div>\n\t\t\t\t<\/div>\n\t\t\t\t\t<\/div>\n\t\t<\/div>\n\t\t\t\t\t<\/div>\n\t\t<\/section>\n\t\t\t\t<\/div>\n\t\t","protected":false},"excerpt":{"rendered":"<p>Con una rica historia de arquitectura prehisp\u00e1nica y colonial, M\u00e9xico ha sido un crisol de diversas influencias culturales a lo largo de los siglos. A trav\u00e9s de los a\u00f1os, varios arquitectos han dejado una huella indeleble en la historia de la arquitectura mexicana. A continuaci\u00f3n, te presentamos una lista de los 10 arquitectos m\u00e1s destacados de la historia de M\u00e9xico y sus obras m\u00e1s importantes.<\/p>\n","protected":false},"author":1,"featured_media":3521,"comment_status":"open","ping_status":"open","sticky":false,"template":"elementor_header_footer","format":"standard","meta":{"footnotes":""},"categories":[27,33],"tags":[],"class_list":["post-3533","post","type-post","status-publish","format-standard","has-post-thumbnail","hentry","category-arquitectura","category-diseno-de-ingenierias","entry"],"aioseo_notices":[],"_links":{"self":[{"href":"https:\/\/alhersem.com\/blog\/wp-json\/wp\/v2\/posts\/3533","targetHints":{"allow":["GET"]}}],"collection":[{"href":"https:\/\/alhersem.com\/blog\/wp-json\/wp\/v2\/posts"}],"about":[{"href":"https:\/\/alhersem.com\/blog\/wp-json\/wp\/v2\/types\/post"}],"author":[{"embeddable":true,"href":"https:\/\/alhersem.com\/blog\/wp-json\/wp\/v2\/users\/1"}],"replies":[{"embeddable":true,"href":"https:\/\/alhersem.com\/blog\/wp-json\/wp\/v2\/comments?post=3533"}],"version-history":[{"count":13,"href":"https:\/\/alhersem.com\/blog\/wp-json\/wp\/v2\/posts\/3533\/revisions"}],"predecessor-version":[{"id":7028,"href":"https:\/\/alhersem.com\/blog\/wp-json\/wp\/v2\/posts\/3533\/revisions\/7028"}],"wp:featuredmedia":[{"embeddable":true,"href":"https:\/\/alhersem.com\/blog\/wp-json\/wp\/v2\/media\/3521"}],"wp:attachment":[{"href":"https:\/\/alhersem.com\/blog\/wp-json\/wp\/v2\/media?parent=3533"}],"wp:term":[{"taxonomy":"category","embeddable":true,"href":"https:\/\/alhersem.com\/blog\/wp-json\/wp\/v2\/categories?post=3533"},{"taxonomy":"post_tag","embeddable":true,"href":"https:\/\/alhersem.com\/blog\/wp-json\/wp\/v2\/tags?post=3533"}],"curies":[{"name":"wp","href":"https:\/\/api.w.org\/{rel}","templated":true}]}}