{"id":3671,"date":"2023-03-10T16:25:45","date_gmt":"2023-03-10T21:25:45","guid":{"rendered":"https:\/\/alhersem.com\/blog\/?p=3671"},"modified":"2023-03-13T11:40:24","modified_gmt":"2023-03-13T16:40:24","slug":"ganadores-del-pritzker-parte-3","status":"publish","type":"post","link":"https:\/\/alhersem.com\/blog\/ganadores-del-pritzker-parte-3\/","title":{"rendered":"Ganadores del Pritzker parte 3"},"content":{"rendered":"\t\t<div data-elementor-type=\"wp-post\" data-elementor-id=\"3671\" class=\"elementor elementor-3671\">\n\t\t\t\t\t\t<section class=\"elementor-section elementor-top-section elementor-element elementor-element-2546a93 elementor-section-full_width elementor-section-height-min-height elementor-section-items-top elementor-section-content-top elementor-section-height-default\" data-id=\"2546a93\" data-element_type=\"section\" data-e-type=\"section\">\n\t\t\t\t\t\t<div class=\"elementor-container elementor-column-gap-no\">\n\t\t\t\t\t<div class=\"elementor-column elementor-col-100 elementor-top-column elementor-element elementor-element-f570ff8\" data-id=\"f570ff8\" data-element_type=\"column\" data-e-type=\"column\" data-settings=\"{&quot;background_background&quot;:&quot;classic&quot;}\">\n\t\t\t<div class=\"elementor-widget-wrap elementor-element-populated\">\n\t\t\t\t\t\t<div class=\"elementor-element elementor-element-268c0fe elementor-widget elementor-widget-html\" data-id=\"268c0fe\" data-element_type=\"widget\" data-e-type=\"widget\" data-widget_type=\"html.default\">\n\t\t\t\t<div class=\"elementor-widget-container\">\n\t\t\t\t\t<div style=\"box-shadow: 0 10px 15px rgb(25 25 25 \/ 50%);\n height: 2px; margin-top: -2px;\"><\/div>\t\t\t\t<\/div>\n\t\t\t\t<\/div>\n\t\t\t\t<div class=\"elementor-element elementor-element-1916bf9 elementor-widget elementor-widget-html\" data-id=\"1916bf9\" data-element_type=\"widget\" data-e-type=\"widget\" data-widget_type=\"html.default\">\n\t\t\t\t<div class=\"elementor-widget-container\">\n\t\t\t\t\t<div class=\"banner-area\">\r\n    <div class=\"d-flex align-items-center justify-content-start h-100\">\r\n        <div class=\"bkgnblack\">\r\n            <div class=\"banner-area-cont-text\">\r\n                <h1>Ganadores del Pritzker<\/h1>\r\n                <p class=\"subtext text-sm-left\">Todos los ganadores del premio Pritzker (parte 3)<\/p>\r\n            <\/div>\r\n        <\/div>\r\n    <\/div>\r\n<\/div>\t\t\t\t<\/div>\n\t\t\t\t<\/div>\n\t\t\t\t\t<\/div>\n\t\t<\/div>\n\t\t\t\t\t<\/div>\n\t\t<\/section>\n\t\t\t\t<section class=\"elementor-section elementor-top-section elementor-element elementor-element-20dfb1d elementor-section-full_width elementor-section-height-default elementor-section-height-default\" data-id=\"20dfb1d\" data-element_type=\"section\" data-e-type=\"section\">\n\t\t\t\t\t\t<div class=\"elementor-container elementor-column-gap-default\">\n\t\t\t\t\t<div class=\"elementor-column elementor-col-100 elementor-top-column elementor-element elementor-element-27a795a\" data-id=\"27a795a\" data-element_type=\"column\" data-e-type=\"column\" data-settings=\"{&quot;background_background&quot;:&quot;classic&quot;}\">\n\t\t\t<div class=\"elementor-widget-wrap elementor-element-populated\">\n\t\t\t\t\t\t<div class=\"elementor-element elementor-element-d8a8d1b elementor-widget elementor-widget-text-editor\" data-id=\"d8a8d1b\" data-element_type=\"widget\" data-e-type=\"widget\" data-widget_type=\"text-editor.default\">\n\t\t\t\t<div class=\"elementor-widget-container\">\n\t\t\t\t\t\t\t\t\t<p>El <strong>Premio Pritzker<\/strong> es ampliamente considerado como el premio m\u00e1s <strong>prestigioso<\/strong> en el mundo de la <strong>arquitectura<\/strong>. Fundado en 1979 por la familia Pritzker de Chicago, el premio reconoce a arquitectos de todo el mundo que han hecho <strong>contribuciones significativas<\/strong> al campo de la arquitectura y cuyo trabajo ha demostrado una combinaci\u00f3n de talento, visi\u00f3n y compromiso con la excelencia arquitect\u00f3nica.<\/p><p>Desde su creaci\u00f3n, el Premio Pritzker ha sido otorgado a algunos de los <strong>arquitectos<\/strong> m\u00e1s <strong>influyentes e innovadores<\/strong> del mundo, desde los pioneros modernistas hasta los visionarios contempor\u00e1neos. En este tercer y \u00faltimo blog de esta serie de tres, veremos a los \u00faltimos ganadores del Premio Pritzker hasta la fecha, que por su <strong>habilidad y creatividad<\/strong> han dejado una huella indeleble en el mundo de la arquitectura.<\/p>\t\t\t\t\t\t\t\t<\/div>\n\t\t\t\t<\/div>\n\t\t\t\t<div class=\"elementor-element elementor-element-f10ee01 elementor-widget elementor-widget-html\" data-id=\"f10ee01\" data-element_type=\"widget\" data-e-type=\"widget\" data-widget_type=\"html.default\">\n\t\t\t\t<div class=\"elementor-widget-container\">\n\t\t\t\t\t<div style=\"width: 100%; border-top: 2px solid #CCCCCC; margin: 20px 0;\"><\/div>\t\t\t\t<\/div>\n\t\t\t\t<\/div>\n\t\t\t\t<div class=\"elementor-element elementor-element-f62a07b elementor-widget elementor-widget-heading\" data-id=\"f62a07b\" data-element_type=\"widget\" data-e-type=\"widget\" data-widget_type=\"heading.default\">\n\t\t\t\t<div class=\"elementor-widget-container\">\n\t\t\t\t\t<h2 class=\"elementor-heading-title elementor-size-default\">Jean Nouvel<\/h2>\t\t\t\t<\/div>\n\t\t\t\t<\/div>\n\t\t\t\t<section class=\"elementor-section elementor-inner-section elementor-element elementor-element-42fe1e8 elementor-section-full_width elementor-section-height-default elementor-section-height-default\" data-id=\"42fe1e8\" data-element_type=\"section\" data-e-type=\"section\">\n\t\t\t\t\t\t<div class=\"elementor-container elementor-column-gap-no\">\n\t\t\t\t\t<div class=\"elementor-column elementor-col-100 elementor-inner-column elementor-element elementor-element-075a0b6\" data-id=\"075a0b6\" data-element_type=\"column\" data-e-type=\"column\">\n\t\t\t<div class=\"elementor-widget-wrap elementor-element-populated\">\n\t\t\t\t\t\t<div class=\"elementor-element elementor-element-d7d40b2 elementor-widget elementor-widget-image\" data-id=\"d7d40b2\" data-element_type=\"widget\" data-e-type=\"widget\" data-widget_type=\"image.default\">\n\t\t\t\t<div class=\"elementor-widget-container\">\n\t\t\t\t\t\t\t\t\t\t\t\t\t\t\t<img fetchpriority=\"high\" decoding=\"async\" width=\"750\" height=\"138\" src=\"https:\/\/alhersem.com\/blog\/wp-content\/uploads\/2023\/03\/30-Jean-Nouvel.jpg\" class=\"attachment-large size-large wp-image-3635\" alt=\"Jean Nouvel\" srcset=\"https:\/\/alhersem.com\/blog\/wp-content\/uploads\/2023\/03\/30-Jean-Nouvel.jpg 849w, https:\/\/alhersem.com\/blog\/wp-content\/uploads\/2023\/03\/30-Jean-Nouvel-300x55.jpg 300w, https:\/\/alhersem.com\/blog\/wp-content\/uploads\/2023\/03\/30-Jean-Nouvel-768x141.jpg 768w\" sizes=\"(max-width: 750px) 100vw, 750px\" style=\"width:100%;height:18.37%;max-width:849px\" \/>\t\t\t\t\t\t\t\t\t\t\t\t\t\t\t<\/div>\n\t\t\t\t<\/div>\n\t\t\t\t\t<\/div>\n\t\t<\/div>\n\t\t\t\t\t<\/div>\n\t\t<\/section>\n\t\t\t\t<div class=\"elementor-element elementor-element-44b5512 elementor-widget elementor-widget-text-editor\" data-id=\"44b5512\" data-element_type=\"widget\" data-e-type=\"widget\" data-widget_type=\"text-editor.default\">\n\t\t\t\t<div class=\"elementor-widget-container\">\n\t\t\t\t\t\t\t\t\t<p><span style=\"color: #4d4d4d;\">Es un arquitecto franc\u00e9s nacido en 1945 en Fumel, Francia. Estudi\u00f3 en la \u00c9cole des Beaux-Arts de Bordeaux y luego trabaj\u00f3 para varios arquitectos notables, incluidos Claude Parent y Paul Virilio.<\/span><\/p><p><span style=\"color: #4d4d4d;\">Nouvel es conocido por su enfoque innovador y arriesgado en la arquitectura, y ha dise\u00f1ado edificios emblem\u00e1ticos en todo el mundo, como la Torre Agbar en Barcelona, el Instituto del Mundo \u00c1rabe en Par\u00eds y el Museo Nacional de Qatar en Doha.<\/span><\/p><p><span style=\"color: #4d4d4d;\">En 2008, Nouvel recibi\u00f3 el Premio Pritzker por su \u00abvisi\u00f3n arquitect\u00f3nica \u00fanica, que se basa en la experimentaci\u00f3n, la investigaci\u00f3n y la colaboraci\u00f3n con otros campos creativos\u00bb.<\/span><\/p><p><span style=\"color: #4d4d4d;\">Adem\u00e1s de su trabajo en la arquitectura, Nouvel es un defensor de la sostenibilidad y ha trabajado en proyectos para promover la conservaci\u00f3n del patrimonio cultural y arquitect\u00f3nico en todo el mundo. Su trabajo ha sido reconocido por su contribuci\u00f3n al dise\u00f1o urbano y su capacidad para combinar la forma y la funci\u00f3n de una manera \u00fanica y sorprendente.<br \/><\/span><\/p>\t\t\t\t\t\t\t\t<\/div>\n\t\t\t\t<\/div>\n\t\t\t\t<div class=\"elementor-element elementor-element-7049d7c elementor-widget elementor-widget-html\" data-id=\"7049d7c\" data-element_type=\"widget\" data-e-type=\"widget\" data-widget_type=\"html.default\">\n\t\t\t\t<div class=\"elementor-widget-container\">\n\t\t\t\t\t<div style=\"width: 100%; border-top: 2px solid #CCCCCC; margin: 20px 0;\"><\/div>\t\t\t\t<\/div>\n\t\t\t\t<\/div>\n\t\t\t\t<div class=\"elementor-element elementor-element-38c9381 elementor-widget elementor-widget-heading\" data-id=\"38c9381\" data-element_type=\"widget\" data-e-type=\"widget\" data-widget_type=\"heading.default\">\n\t\t\t\t<div class=\"elementor-widget-container\">\n\t\t\t\t\t<h2 class=\"elementor-heading-title elementor-size-default\">Peter Zumthor<\/h2>\t\t\t\t<\/div>\n\t\t\t\t<\/div>\n\t\t\t\t<section class=\"elementor-section elementor-inner-section elementor-element elementor-element-7321e87 elementor-section-full_width elementor-section-height-default elementor-section-height-default\" data-id=\"7321e87\" data-element_type=\"section\" data-e-type=\"section\">\n\t\t\t\t\t\t<div class=\"elementor-container elementor-column-gap-no\">\n\t\t\t\t\t<div class=\"elementor-column elementor-col-100 elementor-inner-column elementor-element elementor-element-45b82e1\" data-id=\"45b82e1\" data-element_type=\"column\" data-e-type=\"column\">\n\t\t\t<div class=\"elementor-widget-wrap elementor-element-populated\">\n\t\t\t\t\t\t<div class=\"elementor-element elementor-element-be04ed1 elementor-widget elementor-widget-image\" data-id=\"be04ed1\" data-element_type=\"widget\" data-e-type=\"widget\" data-widget_type=\"image.default\">\n\t\t\t\t<div class=\"elementor-widget-container\">\n\t\t\t\t\t\t\t\t\t\t\t\t\t\t\t<img decoding=\"async\" width=\"750\" height=\"138\" src=\"https:\/\/alhersem.com\/blog\/wp-content\/uploads\/2023\/03\/31-Peter-Zumthor.jpg\" class=\"attachment-large size-large wp-image-3636\" alt=\"Peter Zumthor\" srcset=\"https:\/\/alhersem.com\/blog\/wp-content\/uploads\/2023\/03\/31-Peter-Zumthor.jpg 849w, https:\/\/alhersem.com\/blog\/wp-content\/uploads\/2023\/03\/31-Peter-Zumthor-300x55.jpg 300w, https:\/\/alhersem.com\/blog\/wp-content\/uploads\/2023\/03\/31-Peter-Zumthor-768x141.jpg 768w\" sizes=\"(max-width: 750px) 100vw, 750px\" style=\"width:100%;height:18.37%;max-width:849px\" \/>\t\t\t\t\t\t\t\t\t\t\t\t\t\t\t<\/div>\n\t\t\t\t<\/div>\n\t\t\t\t\t<\/div>\n\t\t<\/div>\n\t\t\t\t\t<\/div>\n\t\t<\/section>\n\t\t\t\t<div class=\"elementor-element elementor-element-020e37f elementor-widget elementor-widget-text-editor\" data-id=\"020e37f\" data-element_type=\"widget\" data-e-type=\"widget\" data-widget_type=\"text-editor.default\">\n\t\t\t\t<div class=\"elementor-widget-container\">\n\t\t\t\t\t\t\t\t\t<p><span style=\"color: #4d4d4d;\">Es un arquitecto suizo nacido en 1943 en Basilea, Suiza. Estudi\u00f3 dise\u00f1o en la Escuela de Arte y Dise\u00f1o de Basilea y arquitectura en el Pratt Institute de Nueva York.<\/span><\/p><p><span style=\"color: #4d4d4d;\">Es conocido por su enfoque minimalista y cuidadoso en la arquitectura y la atenci\u00f3n al detalle en cada aspecto de su trabajo. Algunas de sus obras m\u00e1s conocidas incluyen el Ba\u00f1os Termales de Vals en Suiza, el Museo Kolumba en Colonia, Alemania, y la Capilla de Bruder Klaus en Alemania.<\/span><\/p><p><span style=\"color: #4d4d4d;\">En 2009, Zumthor recibi\u00f3 el Premio Pritzker por su \u00abenfoque intenso y personal del dise\u00f1o arquitect\u00f3nico, que se centra en la creaci\u00f3n de edificios y espacios que evocan una respuesta emocional en el usuario\u00bb.<\/span><\/p><p><span style=\"color: #4d4d4d;\">Adem\u00e1s de su trabajo en la arquitectura, Zumthor es un profesor y escritor destacado en su campo, y ha influenciado a muchos arquitectos j\u00f3venes en todo el mundo con su filosof\u00eda de dise\u00f1o.<br \/><\/span><\/p>\t\t\t\t\t\t\t\t<\/div>\n\t\t\t\t<\/div>\n\t\t\t\t<div class=\"elementor-element elementor-element-d71ec2d elementor-widget elementor-widget-html\" data-id=\"d71ec2d\" data-element_type=\"widget\" data-e-type=\"widget\" data-widget_type=\"html.default\">\n\t\t\t\t<div class=\"elementor-widget-container\">\n\t\t\t\t\t<div style=\"width: 100%; border-top: 2px solid #CCCCCC; margin: 20px 0;\"><\/div>\t\t\t\t<\/div>\n\t\t\t\t<\/div>\n\t\t\t\t<div class=\"elementor-element elementor-element-b3e7eec elementor-widget elementor-widget-heading\" data-id=\"b3e7eec\" data-element_type=\"widget\" data-e-type=\"widget\" data-widget_type=\"heading.default\">\n\t\t\t\t<div class=\"elementor-widget-container\">\n\t\t\t\t\t<h2 class=\"elementor-heading-title elementor-size-default\">Kazuyo Sejima y Ryue Nishizawa<\/h2>\t\t\t\t<\/div>\n\t\t\t\t<\/div>\n\t\t\t\t<section class=\"elementor-section elementor-inner-section elementor-element elementor-element-69a7061 elementor-section-full_width elementor-section-height-default elementor-section-height-default\" data-id=\"69a7061\" data-element_type=\"section\" data-e-type=\"section\">\n\t\t\t\t\t\t<div class=\"elementor-container elementor-column-gap-no\">\n\t\t\t\t\t<div class=\"elementor-column elementor-col-100 elementor-inner-column elementor-element elementor-element-6078f77\" data-id=\"6078f77\" data-element_type=\"column\" data-e-type=\"column\">\n\t\t\t<div class=\"elementor-widget-wrap elementor-element-populated\">\n\t\t\t\t\t\t<div class=\"elementor-element elementor-element-f30aa7f elementor-widget elementor-widget-image\" data-id=\"f30aa7f\" data-element_type=\"widget\" data-e-type=\"widget\" data-widget_type=\"image.default\">\n\t\t\t\t<div class=\"elementor-widget-container\">\n\t\t\t\t\t\t\t\t\t\t\t\t\t\t\t<img decoding=\"async\" width=\"750\" height=\"138\" src=\"https:\/\/alhersem.com\/blog\/wp-content\/uploads\/2023\/03\/32-SANAA.jpg\" class=\"attachment-large size-large wp-image-3637\" alt=\"Kazuyo Sejima y Ryue Nishizawa - SANAA\" srcset=\"https:\/\/alhersem.com\/blog\/wp-content\/uploads\/2023\/03\/32-SANAA.jpg 849w, https:\/\/alhersem.com\/blog\/wp-content\/uploads\/2023\/03\/32-SANAA-300x55.jpg 300w, https:\/\/alhersem.com\/blog\/wp-content\/uploads\/2023\/03\/32-SANAA-768x141.jpg 768w\" sizes=\"(max-width: 750px) 100vw, 750px\" style=\"width:100%;height:18.37%;max-width:849px\" \/>\t\t\t\t\t\t\t\t\t\t\t\t\t\t\t<\/div>\n\t\t\t\t<\/div>\n\t\t\t\t\t<\/div>\n\t\t<\/div>\n\t\t\t\t\t<\/div>\n\t\t<\/section>\n\t\t\t\t<div class=\"elementor-element elementor-element-966a2c0 elementor-widget elementor-widget-text-editor\" data-id=\"966a2c0\" data-element_type=\"widget\" data-e-type=\"widget\" data-widget_type=\"text-editor.default\">\n\t\t\t\t<div class=\"elementor-widget-container\">\n\t\t\t\t\t\t\t\t\t<p><span style=\"color: #4d4d4d;\">Son dos arquitectos japoneses que fundaron el estudio de arquitectura SANAA en 1995 en Tokio, Jap\u00f3n. Ambos tienen una larga trayectoria en la arquitectura antes de unir fuerzas y trabajar juntos en SANAA.<\/span><\/p><p><span style=\"color: #4d4d4d;\">Desde su fundaci\u00f3n, SANAA ha creado numerosos proyectos de arquitectura aclamados internacionalmente, como el Museo de Arte Contempor\u00e1neo de Nueva York, Pabell\u00f3n de vidrio en el Museo de Arte de Toledo, la Escuela de Bellas Artes de la Universidad de Kanazawa y el centro cultural De Kunstlinie, Almere.<\/span><\/p><p><span style=\"color: #4d4d4d;\">En 2010, Sejima y Nishizawa recibieron el Premio Pritzker por su trabajo en SANAA. El jurado destac\u00f3 su habilidad para crear edificios con una fuerte presencia escultural que al mismo tiempo son pr\u00e1cticos y funcionales, y su compromiso con la sostenibilidad y la innovaci\u00f3n en el dise\u00f1o.<\/span><\/p><p><span style=\"color: #4d4d4d;\">SANAA ha seguido trabajando en proyectos importantes en todo el mundo, incluyendo el Rolex Learning Center de la EPFL y el Centro Cultural Grace Farms en Connecticut.<br \/><\/span><\/p>\t\t\t\t\t\t\t\t<\/div>\n\t\t\t\t<\/div>\n\t\t\t\t<div class=\"elementor-element elementor-element-ea20811 elementor-widget elementor-widget-html\" data-id=\"ea20811\" data-element_type=\"widget\" data-e-type=\"widget\" data-widget_type=\"html.default\">\n\t\t\t\t<div class=\"elementor-widget-container\">\n\t\t\t\t\t<div style=\"width: 100%; border-top: 2px solid #CCCCCC; margin: 20px 0;\"><\/div>\t\t\t\t<\/div>\n\t\t\t\t<\/div>\n\t\t\t\t<div class=\"elementor-element elementor-element-3b51cc8 elementor-widget elementor-widget-heading\" data-id=\"3b51cc8\" data-element_type=\"widget\" data-e-type=\"widget\" data-widget_type=\"heading.default\">\n\t\t\t\t<div class=\"elementor-widget-container\">\n\t\t\t\t\t<h2 class=\"elementor-heading-title elementor-size-default\">Eduardo Souto de Moura<\/h2>\t\t\t\t<\/div>\n\t\t\t\t<\/div>\n\t\t\t\t<section class=\"elementor-section elementor-inner-section elementor-element elementor-element-ac2272f elementor-section-full_width elementor-section-height-default elementor-section-height-default\" data-id=\"ac2272f\" data-element_type=\"section\" data-e-type=\"section\">\n\t\t\t\t\t\t<div class=\"elementor-container elementor-column-gap-no\">\n\t\t\t\t\t<div class=\"elementor-column elementor-col-100 elementor-inner-column elementor-element elementor-element-055d929\" data-id=\"055d929\" data-element_type=\"column\" data-e-type=\"column\">\n\t\t\t<div class=\"elementor-widget-wrap elementor-element-populated\">\n\t\t\t\t\t\t<div class=\"elementor-element elementor-element-dacdd61 elementor-widget elementor-widget-image\" data-id=\"dacdd61\" data-element_type=\"widget\" data-e-type=\"widget\" data-widget_type=\"image.default\">\n\t\t\t\t<div class=\"elementor-widget-container\">\n\t\t\t\t\t\t\t\t\t\t\t\t\t\t\t<img loading=\"lazy\" decoding=\"async\" width=\"750\" height=\"138\" src=\"https:\/\/alhersem.com\/blog\/wp-content\/uploads\/2023\/03\/33-Eduardo-Souto-de-Moura.jpg\" class=\"attachment-large size-large wp-image-3638\" alt=\"Eduardo Souto de Moura\" srcset=\"https:\/\/alhersem.com\/blog\/wp-content\/uploads\/2023\/03\/33-Eduardo-Souto-de-Moura.jpg 849w, https:\/\/alhersem.com\/blog\/wp-content\/uploads\/2023\/03\/33-Eduardo-Souto-de-Moura-300x55.jpg 300w, https:\/\/alhersem.com\/blog\/wp-content\/uploads\/2023\/03\/33-Eduardo-Souto-de-Moura-768x141.jpg 768w\" sizes=\"(max-width: 750px) 100vw, 750px\" style=\"width:100%;height:18.37%;max-width:849px\" \/>\t\t\t\t\t\t\t\t\t\t\t\t\t\t\t<\/div>\n\t\t\t\t<\/div>\n\t\t\t\t\t<\/div>\n\t\t<\/div>\n\t\t\t\t\t<\/div>\n\t\t<\/section>\n\t\t\t\t<div class=\"elementor-element elementor-element-5fa6ab0 elementor-widget elementor-widget-text-editor\" data-id=\"5fa6ab0\" data-element_type=\"widget\" data-e-type=\"widget\" data-widget_type=\"text-editor.default\">\n\t\t\t\t<div class=\"elementor-widget-container\">\n\t\t\t\t\t\t\t\t\t<p><span style=\"color: #4d4d4d;\">Es un arquitecto portugu\u00e9s nacido en Oporto en 1952. Estudi\u00f3 en la Escuela de Bellas Artes de Oporto, donde tambi\u00e9n trabaj\u00f3 como profesor. Tras graduarse, trabaj\u00f3 con el arquitecto \u00c1lvaro Siza, quien fue una influencia clave en su carrera.<\/span><\/p><p><span style=\"color: #4d4d4d;\">En 1980, fund\u00f3 su propio estudio en Oporto, que ha dise\u00f1ado una amplia variedad de proyectos, incluyendo casas, edificios p\u00fablicos, museos y espacios urbanos. Su obra se caracteriza por una gran atenci\u00f3n al detalle, el uso de materiales naturales y una fuerte conexi\u00f3n con el lugar y la historia.<\/span><\/p><p><span style=\"color: #4d4d4d;\">En 2011, Souto de Moura fue galardonado con el Premio Pritzker por su trayectoria en la arquitectura. El jurado destac\u00f3 su habilidad para crear edificios que se integran de forma arm\u00f3nica en su entorno, su compromiso con la sostenibilidad y su capacidad para combinar una est\u00e9tica contempor\u00e1nea con elementos tradicionales.<\/span><\/p><p><span style=\"color: #4d4d4d;\">Entre sus obras m\u00e1s destacadas se encuentran el Estadio Municipal de Braga, la Casa das Hist\u00f3rias Paula Rego en Cascais, el Museo Paula Rego en Portugal, y la Terminal de Cruceros de Leix\u00f5es. Adem\u00e1s, ha sido profesor en varias universidades de todo el mundo y ha sido invitado a dar conferencias en numerosos eventos de arquitectura.<br \/><\/span><\/p>\t\t\t\t\t\t\t\t<\/div>\n\t\t\t\t<\/div>\n\t\t\t\t<div class=\"elementor-element elementor-element-e0b1bec elementor-widget elementor-widget-html\" data-id=\"e0b1bec\" data-element_type=\"widget\" data-e-type=\"widget\" data-widget_type=\"html.default\">\n\t\t\t\t<div class=\"elementor-widget-container\">\n\t\t\t\t\t<div style=\"width: 100%; border-top: 2px solid #CCCCCC; margin: 20px 0;\"><\/div>\t\t\t\t<\/div>\n\t\t\t\t<\/div>\n\t\t\t\t<div class=\"elementor-element elementor-element-e613e2b elementor-widget elementor-widget-heading\" data-id=\"e613e2b\" data-element_type=\"widget\" data-e-type=\"widget\" data-widget_type=\"heading.default\">\n\t\t\t\t<div class=\"elementor-widget-container\">\n\t\t\t\t\t<h2 class=\"elementor-heading-title elementor-size-default\">Wang Shu<\/h2>\t\t\t\t<\/div>\n\t\t\t\t<\/div>\n\t\t\t\t<section class=\"elementor-section elementor-inner-section elementor-element elementor-element-58eeceb elementor-section-full_width elementor-section-height-default elementor-section-height-default\" data-id=\"58eeceb\" data-element_type=\"section\" data-e-type=\"section\">\n\t\t\t\t\t\t<div class=\"elementor-container elementor-column-gap-no\">\n\t\t\t\t\t<div class=\"elementor-column elementor-col-100 elementor-inner-column elementor-element elementor-element-97988a5\" data-id=\"97988a5\" data-element_type=\"column\" data-e-type=\"column\">\n\t\t\t<div class=\"elementor-widget-wrap elementor-element-populated\">\n\t\t\t\t\t\t<div class=\"elementor-element elementor-element-8a0a868 elementor-widget elementor-widget-image\" data-id=\"8a0a868\" data-element_type=\"widget\" data-e-type=\"widget\" data-widget_type=\"image.default\">\n\t\t\t\t<div class=\"elementor-widget-container\">\n\t\t\t\t\t\t\t\t\t\t\t\t\t\t\t<img loading=\"lazy\" decoding=\"async\" width=\"750\" height=\"138\" src=\"https:\/\/alhersem.com\/blog\/wp-content\/uploads\/2023\/03\/34-Wang-Shu.jpg\" class=\"attachment-large size-large wp-image-3639\" alt=\"Wang Shu\" srcset=\"https:\/\/alhersem.com\/blog\/wp-content\/uploads\/2023\/03\/34-Wang-Shu.jpg 849w, https:\/\/alhersem.com\/blog\/wp-content\/uploads\/2023\/03\/34-Wang-Shu-300x55.jpg 300w, https:\/\/alhersem.com\/blog\/wp-content\/uploads\/2023\/03\/34-Wang-Shu-768x141.jpg 768w\" sizes=\"(max-width: 750px) 100vw, 750px\" style=\"width:100%;height:18.37%;max-width:849px\" \/>\t\t\t\t\t\t\t\t\t\t\t\t\t\t\t<\/div>\n\t\t\t\t<\/div>\n\t\t\t\t\t<\/div>\n\t\t<\/div>\n\t\t\t\t\t<\/div>\n\t\t<\/section>\n\t\t\t\t<div class=\"elementor-element elementor-element-7d87c2c elementor-widget elementor-widget-text-editor\" data-id=\"7d87c2c\" data-element_type=\"widget\" data-e-type=\"widget\" data-widget_type=\"text-editor.default\">\n\t\t\t\t<div class=\"elementor-widget-container\">\n\t\t\t\t\t\t\t\t\t<p><span style=\"color: #4d4d4d;\">Es un arquitecto chino nacido en 1963 en \u00dcr\u00fcmqi, Xinjiang. Se gradu\u00f3 en la Escuela de Arquitectura de la Universidad de Nanjing en 1985 y fund\u00f3 el estudio Amateur Architecture Studio junto a su esposa, Lu Wenyu, en 1997. Su obra se caracteriza por la reinterpretaci\u00f3n de las tradiciones arquitect\u00f3nicas chinas y el uso de materiales locales y t\u00e9cnicas constructivas tradicionales.<\/span><\/p><p><span style=\"color: #4d4d4d;\">En 2012, Wang Shu fue galardonado con el Premio Pritzker por su trabajo en la arquitectura. El jurado destac\u00f3 su habilidad para integrar la historia, la cultura y la innovaci\u00f3n en su obra y su compromiso con la sostenibilidad y la construcci\u00f3n con materiales locales. Tambi\u00e9n se destac\u00f3 su enfoque en la relaci\u00f3n entre los edificios y su entorno, y su \u00e9nfasis en la calidad y la artesan\u00eda en la construcci\u00f3n.<\/span><\/p><p><span style=\"color: #4d4d4d;\">Entre sus obras m\u00e1s destacadas se encuentran la Academia de Arte de China en Hangzhou, el Museo Ningbo de Arte Contempor\u00e1neo en Ningbo y la Biblioteca de la Universidad de Wenzheng en Hangzhou. Adem\u00e1s, ha sido profesor en varias universidades en China y en el extranjero y ha sido invitado a dar conferencias en numerosos eventos de arquitectura.<br \/><\/span><\/p>\t\t\t\t\t\t\t\t<\/div>\n\t\t\t\t<\/div>\n\t\t\t\t<div class=\"elementor-element elementor-element-f364c60 elementor-widget elementor-widget-html\" data-id=\"f364c60\" data-element_type=\"widget\" data-e-type=\"widget\" data-widget_type=\"html.default\">\n\t\t\t\t<div class=\"elementor-widget-container\">\n\t\t\t\t\t<div style=\"width: 100%; border-top: 2px solid #CCCCCC; margin: 20px 0;\"><\/div>\t\t\t\t<\/div>\n\t\t\t\t<\/div>\n\t\t\t\t<div class=\"elementor-element elementor-element-089cc30 elementor-widget elementor-widget-heading\" data-id=\"089cc30\" data-element_type=\"widget\" data-e-type=\"widget\" data-widget_type=\"heading.default\">\n\t\t\t\t<div class=\"elementor-widget-container\">\n\t\t\t\t\t<h2 class=\"elementor-heading-title elementor-size-default\">Toy\u014d It\u014d<\/h2>\t\t\t\t<\/div>\n\t\t\t\t<\/div>\n\t\t\t\t<section class=\"elementor-section elementor-inner-section elementor-element elementor-element-591be74 elementor-section-full_width elementor-section-height-default elementor-section-height-default\" data-id=\"591be74\" data-element_type=\"section\" data-e-type=\"section\">\n\t\t\t\t\t\t<div class=\"elementor-container elementor-column-gap-no\">\n\t\t\t\t\t<div class=\"elementor-column elementor-col-100 elementor-inner-column elementor-element elementor-element-6ff1887\" data-id=\"6ff1887\" data-element_type=\"column\" data-e-type=\"column\">\n\t\t\t<div class=\"elementor-widget-wrap elementor-element-populated\">\n\t\t\t\t\t\t<div class=\"elementor-element elementor-element-c82fcbf elementor-widget elementor-widget-image\" data-id=\"c82fcbf\" data-element_type=\"widget\" data-e-type=\"widget\" data-widget_type=\"image.default\">\n\t\t\t\t<div class=\"elementor-widget-container\">\n\t\t\t\t\t\t\t\t\t\t\t\t\t\t\t<img loading=\"lazy\" decoding=\"async\" width=\"750\" height=\"138\" src=\"https:\/\/alhersem.com\/blog\/wp-content\/uploads\/2023\/03\/35-Toyo-Ito.jpg\" class=\"attachment-large size-large wp-image-3640\" alt=\"Toy\u014d It\u014d\" srcset=\"https:\/\/alhersem.com\/blog\/wp-content\/uploads\/2023\/03\/35-Toyo-Ito.jpg 849w, https:\/\/alhersem.com\/blog\/wp-content\/uploads\/2023\/03\/35-Toyo-Ito-300x55.jpg 300w, https:\/\/alhersem.com\/blog\/wp-content\/uploads\/2023\/03\/35-Toyo-Ito-768x141.jpg 768w\" sizes=\"(max-width: 750px) 100vw, 750px\" style=\"width:100%;height:18.37%;max-width:849px\" \/>\t\t\t\t\t\t\t\t\t\t\t\t\t\t\t<\/div>\n\t\t\t\t<\/div>\n\t\t\t\t\t<\/div>\n\t\t<\/div>\n\t\t\t\t\t<\/div>\n\t\t<\/section>\n\t\t\t\t<div class=\"elementor-element elementor-element-1fb8457 elementor-widget elementor-widget-text-editor\" data-id=\"1fb8457\" data-element_type=\"widget\" data-e-type=\"widget\" data-widget_type=\"text-editor.default\">\n\t\t\t\t<div class=\"elementor-widget-container\">\n\t\t\t\t\t\t\t\t\t<p><span style=\"color: #4d4d4d;\">Es un arquitecto japon\u00e9s nacido en Se\u00fal, Corea del Sur, en 1941. Se gradu\u00f3 de la Universidad de Tokio en 1965 y fund\u00f3 su propio estudio, Urban Robot (actualmente llamado Toyo Ito &amp; Associates, Architects), en 1971. Su obra se caracteriza por el uso de tecnolog\u00eda avanzada y formas org\u00e1nicas y fluidas que buscan crear un di\u00e1logo entre el espacio construido y el medio ambiente.<\/span><\/p><p><span style=\"color: #4d4d4d;\">En 2013, It\u014d fue galardonado con el Premio Pritzker por su trabajo en la arquitectura. El jurado destac\u00f3 su habilidad para crear edificios que trascienden los l\u00edmites de la arquitectura y que exploran temas como la naturaleza, la tecnolog\u00eda, la sociedad y la cultura. Tambi\u00e9n se destac\u00f3 su enfoque en la sostenibilidad y su compromiso con la responsabilidad social.<\/span><\/p><p><span style=\"color: #4d4d4d;\">Entre sus obras m\u00e1s destacadas se encuentran la Mediateca de Sendai en Miyagi, el Pabell\u00f3n Serpentine Gallery en Londres y el edificio Taichung Metropolitan Opera House en Taiw\u00e1n. Adem\u00e1s, ha sido profesor en varias universidades en Jap\u00f3n y en el extranjero y ha sido invitado a dar conferencias en numerosos eventos de arquitectura.<br \/><\/span><\/p>\t\t\t\t\t\t\t\t<\/div>\n\t\t\t\t<\/div>\n\t\t\t\t<div class=\"elementor-element elementor-element-483d173 elementor-widget elementor-widget-html\" data-id=\"483d173\" data-element_type=\"widget\" data-e-type=\"widget\" data-widget_type=\"html.default\">\n\t\t\t\t<div class=\"elementor-widget-container\">\n\t\t\t\t\t<div style=\"width: 100%; border-top: 2px solid #CCCCCC; margin: 20px 0;\"><\/div>\t\t\t\t<\/div>\n\t\t\t\t<\/div>\n\t\t\t\t<div class=\"elementor-element elementor-element-a7ee1be elementor-widget elementor-widget-heading\" data-id=\"a7ee1be\" data-element_type=\"widget\" data-e-type=\"widget\" data-widget_type=\"heading.default\">\n\t\t\t\t<div class=\"elementor-widget-container\">\n\t\t\t\t\t<h2 class=\"elementor-heading-title elementor-size-default\">Shigeru Ban<\/h2>\t\t\t\t<\/div>\n\t\t\t\t<\/div>\n\t\t\t\t<section class=\"elementor-section elementor-inner-section elementor-element elementor-element-2660ef9 elementor-section-full_width elementor-section-height-default elementor-section-height-default\" data-id=\"2660ef9\" data-element_type=\"section\" data-e-type=\"section\">\n\t\t\t\t\t\t<div class=\"elementor-container elementor-column-gap-no\">\n\t\t\t\t\t<div class=\"elementor-column elementor-col-100 elementor-inner-column elementor-element elementor-element-f1df30e\" data-id=\"f1df30e\" data-element_type=\"column\" data-e-type=\"column\">\n\t\t\t<div class=\"elementor-widget-wrap elementor-element-populated\">\n\t\t\t\t\t\t<div class=\"elementor-element elementor-element-f40ca64 elementor-widget elementor-widget-image\" data-id=\"f40ca64\" data-element_type=\"widget\" data-e-type=\"widget\" data-widget_type=\"image.default\">\n\t\t\t\t<div class=\"elementor-widget-container\">\n\t\t\t\t\t\t\t\t\t\t\t\t\t\t\t<img loading=\"lazy\" decoding=\"async\" width=\"750\" height=\"138\" src=\"https:\/\/alhersem.com\/blog\/wp-content\/uploads\/2023\/03\/36-Shigeru-Ban.jpg\" class=\"attachment-large size-large wp-image-3641\" alt=\"Shigeru Ban\" srcset=\"https:\/\/alhersem.com\/blog\/wp-content\/uploads\/2023\/03\/36-Shigeru-Ban.jpg 849w, https:\/\/alhersem.com\/blog\/wp-content\/uploads\/2023\/03\/36-Shigeru-Ban-300x55.jpg 300w, https:\/\/alhersem.com\/blog\/wp-content\/uploads\/2023\/03\/36-Shigeru-Ban-768x141.jpg 768w\" sizes=\"(max-width: 750px) 100vw, 750px\" style=\"width:100%;height:18.37%;max-width:849px\" \/>\t\t\t\t\t\t\t\t\t\t\t\t\t\t\t<\/div>\n\t\t\t\t<\/div>\n\t\t\t\t\t<\/div>\n\t\t<\/div>\n\t\t\t\t\t<\/div>\n\t\t<\/section>\n\t\t\t\t<div class=\"elementor-element elementor-element-7ccbcaf elementor-widget elementor-widget-text-editor\" data-id=\"7ccbcaf\" data-element_type=\"widget\" data-e-type=\"widget\" data-widget_type=\"text-editor.default\">\n\t\t\t\t<div class=\"elementor-widget-container\">\n\t\t\t\t\t\t\t\t\t<p><span style=\"color: #4d4d4d;\">Es un arquitecto japon\u00e9s nacido en Tokio en 1957. Se gradu\u00f3 de la Universidad de Tokio en 1984 y posteriormente se traslad\u00f3 a Estados Unidos para estudiar en la Southern California Institute of Architecture y en el Cooper Union School of Architecture de Nueva York. Es conocido por su uso innovador de materiales poco convencionales, como tubos de cart\u00f3n, para crear estructuras temporales y permanentes.<\/span><\/p><p><span style=\"color: #4d4d4d;\">En 2014, Ban recibi\u00f3 el Premio Pritzker por su trabajo en la arquitectura. El jurado destac\u00f3 su habilidad para crear soluciones ingeniosas y pr\u00e1cticas para problemas arquitect\u00f3nicos y humanitarios en todo el mundo. Tambi\u00e9n se destac\u00f3 su enfoque en la sostenibilidad y su compromiso con la responsabilidad social.<\/span><\/p><p><span style=\"color: #4d4d4d;\">Entre sus obras m\u00e1s destacadas se encuentran el Pabell\u00f3n Japon\u00e9s en la Exposici\u00f3n Universal de Hannover en 2000, la Catedral de Cart\u00f3n en Kobe, Jap\u00f3n en 1995 y el Centro Pompidou-Metz en Francia en 2010. Adem\u00e1s de su carrera en la arquitectura, Ban ha sido un defensor activo de la ayuda humanitaria y ha trabajado en proyectos para proporcionar viviendas temporales para v\u00edctimas de desastres naturales y refugiados en todo el mundo.<br \/><\/span><\/p>\t\t\t\t\t\t\t\t<\/div>\n\t\t\t\t<\/div>\n\t\t\t\t<div class=\"elementor-element elementor-element-56046fb elementor-widget elementor-widget-html\" data-id=\"56046fb\" data-element_type=\"widget\" data-e-type=\"widget\" data-widget_type=\"html.default\">\n\t\t\t\t<div class=\"elementor-widget-container\">\n\t\t\t\t\t<div style=\"width: 100%; border-top: 2px solid #CCCCCC; margin: 20px 0;\"><\/div>\t\t\t\t<\/div>\n\t\t\t\t<\/div>\n\t\t\t\t<div class=\"elementor-element elementor-element-88a3ab4 elementor-widget elementor-widget-heading\" data-id=\"88a3ab4\" data-element_type=\"widget\" data-e-type=\"widget\" data-widget_type=\"heading.default\">\n\t\t\t\t<div class=\"elementor-widget-container\">\n\t\t\t\t\t<h2 class=\"elementor-heading-title elementor-size-default\">Frei Otto<\/h2>\t\t\t\t<\/div>\n\t\t\t\t<\/div>\n\t\t\t\t<section class=\"elementor-section elementor-inner-section elementor-element elementor-element-bc69e0c elementor-section-full_width elementor-section-height-default elementor-section-height-default\" data-id=\"bc69e0c\" data-element_type=\"section\" data-e-type=\"section\">\n\t\t\t\t\t\t<div class=\"elementor-container elementor-column-gap-no\">\n\t\t\t\t\t<div class=\"elementor-column elementor-col-100 elementor-inner-column elementor-element elementor-element-a9eb0f3\" data-id=\"a9eb0f3\" data-element_type=\"column\" data-e-type=\"column\">\n\t\t\t<div class=\"elementor-widget-wrap elementor-element-populated\">\n\t\t\t\t\t\t<div class=\"elementor-element elementor-element-2884547 elementor-widget elementor-widget-image\" data-id=\"2884547\" data-element_type=\"widget\" data-e-type=\"widget\" data-widget_type=\"image.default\">\n\t\t\t\t<div class=\"elementor-widget-container\">\n\t\t\t\t\t\t\t\t\t\t\t\t\t\t\t<img loading=\"lazy\" decoding=\"async\" width=\"750\" height=\"138\" src=\"https:\/\/alhersem.com\/blog\/wp-content\/uploads\/2023\/03\/37-Frei-Otto.jpg\" class=\"attachment-large size-large wp-image-3642\" alt=\"Frei Otto\" srcset=\"https:\/\/alhersem.com\/blog\/wp-content\/uploads\/2023\/03\/37-Frei-Otto.jpg 849w, https:\/\/alhersem.com\/blog\/wp-content\/uploads\/2023\/03\/37-Frei-Otto-300x55.jpg 300w, https:\/\/alhersem.com\/blog\/wp-content\/uploads\/2023\/03\/37-Frei-Otto-768x141.jpg 768w\" sizes=\"(max-width: 750px) 100vw, 750px\" style=\"width:100%;height:18.37%;max-width:849px\" \/>\t\t\t\t\t\t\t\t\t\t\t\t\t\t\t<\/div>\n\t\t\t\t<\/div>\n\t\t\t\t\t<\/div>\n\t\t<\/div>\n\t\t\t\t\t<\/div>\n\t\t<\/section>\n\t\t\t\t<div class=\"elementor-element elementor-element-4baf019 elementor-widget elementor-widget-text-editor\" data-id=\"4baf019\" data-element_type=\"widget\" data-e-type=\"widget\" data-widget_type=\"text-editor.default\">\n\t\t\t\t<div class=\"elementor-widget-container\">\n\t\t\t\t\t\t\t\t\t<p><span style=\"color: #4d4d4d;\">Fue un arquitecto y dise\u00f1ador alem\u00e1n nacido en 1925 en Siegmar, Alemania. Fue uno de los pioneros en el campo de la arquitectura sostenible y bio-construcci\u00f3n, y es conocido por sus dise\u00f1os innovadores en estructuras tensadas y materiales livianos.<\/span><\/p><p><span style=\"color: #4d4d4d;\">Entre sus obras m\u00e1s destacadas se encuentra el Pabell\u00f3n de Alemania en la Exposici\u00f3n Universal de Montreal en 1967, el Estadio Ol\u00edmpico de M\u00fanich en 1972 y el Pabell\u00f3n Japon\u00e9s en la Exposici\u00f3n Universal de Sevilla en 1992. Sus dise\u00f1os fueron inspirados por la naturaleza y su compromiso con la sostenibilidad y la ecolog\u00eda.<\/span><\/p><p><span style=\"color: #4d4d4d;\">En 2015, Frei Otto recibi\u00f3 p\u00f3stumamente el Premio Pritzker por su trabajo en la arquitectura. Falleci\u00f3 en 2015 a los 89 a\u00f1os, antes de que se le otorgara el premio. El jurado del premio destac\u00f3 su habilidad para fusionar tecnolog\u00eda y belleza, y su compromiso con la sostenibilidad y la responsabilidad social en su trabajo.<br \/><\/span><\/p>\t\t\t\t\t\t\t\t<\/div>\n\t\t\t\t<\/div>\n\t\t\t\t<div class=\"elementor-element elementor-element-d7d1756 elementor-widget elementor-widget-html\" data-id=\"d7d1756\" data-element_type=\"widget\" data-e-type=\"widget\" data-widget_type=\"html.default\">\n\t\t\t\t<div class=\"elementor-widget-container\">\n\t\t\t\t\t<div style=\"width: 100%; border-top: 2px solid #CCCCCC; margin: 20px 0;\"><\/div>\t\t\t\t<\/div>\n\t\t\t\t<\/div>\n\t\t\t\t<div class=\"elementor-element elementor-element-d6a8229 elementor-widget elementor-widget-heading\" data-id=\"d6a8229\" data-element_type=\"widget\" data-e-type=\"widget\" data-widget_type=\"heading.default\">\n\t\t\t\t<div class=\"elementor-widget-container\">\n\t\t\t\t\t<h2 class=\"elementor-heading-title elementor-size-default\">Alejandro Aravena<\/h2>\t\t\t\t<\/div>\n\t\t\t\t<\/div>\n\t\t\t\t<section class=\"elementor-section elementor-inner-section elementor-element elementor-element-88b3871 elementor-section-full_width elementor-section-height-default elementor-section-height-default\" data-id=\"88b3871\" data-element_type=\"section\" data-e-type=\"section\">\n\t\t\t\t\t\t<div class=\"elementor-container elementor-column-gap-no\">\n\t\t\t\t\t<div class=\"elementor-column elementor-col-100 elementor-inner-column elementor-element elementor-element-4330d83\" data-id=\"4330d83\" data-element_type=\"column\" data-e-type=\"column\">\n\t\t\t<div class=\"elementor-widget-wrap elementor-element-populated\">\n\t\t\t\t\t\t<div class=\"elementor-element elementor-element-5c83dd2 elementor-widget elementor-widget-image\" data-id=\"5c83dd2\" data-element_type=\"widget\" data-e-type=\"widget\" data-widget_type=\"image.default\">\n\t\t\t\t<div class=\"elementor-widget-container\">\n\t\t\t\t\t\t\t\t\t\t\t\t\t\t\t<img loading=\"lazy\" decoding=\"async\" width=\"750\" height=\"138\" src=\"https:\/\/alhersem.com\/blog\/wp-content\/uploads\/2023\/03\/38-Alejandro-Aravena.jpg\" class=\"attachment-large size-large wp-image-3643\" alt=\"Alejandro Aravena\" srcset=\"https:\/\/alhersem.com\/blog\/wp-content\/uploads\/2023\/03\/38-Alejandro-Aravena.jpg 849w, https:\/\/alhersem.com\/blog\/wp-content\/uploads\/2023\/03\/38-Alejandro-Aravena-300x55.jpg 300w, https:\/\/alhersem.com\/blog\/wp-content\/uploads\/2023\/03\/38-Alejandro-Aravena-768x141.jpg 768w\" sizes=\"(max-width: 750px) 100vw, 750px\" style=\"width:100%;height:18.37%;max-width:849px\" \/>\t\t\t\t\t\t\t\t\t\t\t\t\t\t\t<\/div>\n\t\t\t\t<\/div>\n\t\t\t\t\t<\/div>\n\t\t<\/div>\n\t\t\t\t\t<\/div>\n\t\t<\/section>\n\t\t\t\t<div class=\"elementor-element elementor-element-5cfef28 elementor-widget elementor-widget-text-editor\" data-id=\"5cfef28\" data-element_type=\"widget\" data-e-type=\"widget\" data-widget_type=\"text-editor.default\">\n\t\t\t\t<div class=\"elementor-widget-container\">\n\t\t\t\t\t\t\t\t\t<p><span style=\"color: #4d4d4d;\">Es un arquitecto chileno nacido en 1967 en Santiago de Chile. Es conocido por su trabajo en proyectos sociales y de vivienda asequible, y su enfoque en el dise\u00f1o participativo y la sostenibilidad.<\/span><\/p><p><span style=\"color: #4d4d4d;\">Entre sus obras m\u00e1s destacadas se encuentran el proyecto de viviendas sociales Quinta Monroy en Iquique, Chile, el Edificio Siamese en Santiago de Chile y el proyecto de renovaci\u00f3n urbana de la Villa Ol\u00edmpica en R\u00edo de Janeiro para los Juegos Ol\u00edmpicos de 2016.<\/span><\/p><p><span style=\"color: #4d4d4d;\">En 2016, Alejandro Aravena recibi\u00f3 el Premio Pritzker por su trabajo en la arquitectura y el dise\u00f1o urbano. El jurado del premio destac\u00f3 su compromiso con la mejora de la calidad de vida de las personas a trav\u00e9s del dise\u00f1o, su capacidad para abordar problemas sociales y su enfoque en el dise\u00f1o participativo y la sostenibilidad.<\/span><\/p><p><span style=\"color: #4d4d4d;\">Adem\u00e1s de su trabajo en arquitectura, Aravena es profesor en la Escuela de Arquitectura de la Universidad Cat\u00f3lica de Chile y fue el curador de la Bienal de Arquitectura de Venecia en 2016.<br \/><\/span><\/p>\t\t\t\t\t\t\t\t<\/div>\n\t\t\t\t<\/div>\n\t\t\t\t<div class=\"elementor-element elementor-element-0bb88e1 elementor-widget elementor-widget-html\" data-id=\"0bb88e1\" data-element_type=\"widget\" data-e-type=\"widget\" data-widget_type=\"html.default\">\n\t\t\t\t<div class=\"elementor-widget-container\">\n\t\t\t\t\t<div style=\"width: 100%; border-top: 2px solid #CCCCCC; margin: 20px 0;\"><\/div>\t\t\t\t<\/div>\n\t\t\t\t<\/div>\n\t\t\t\t<div class=\"elementor-element elementor-element-d19d530 elementor-widget elementor-widget-heading\" data-id=\"d19d530\" data-element_type=\"widget\" data-e-type=\"widget\" data-widget_type=\"heading.default\">\n\t\t\t\t<div class=\"elementor-widget-container\">\n\t\t\t\t\t<h2 class=\"elementor-heading-title elementor-size-default\">RCR Arquitectes<\/h2>\t\t\t\t<\/div>\n\t\t\t\t<\/div>\n\t\t\t\t<section class=\"elementor-section elementor-inner-section elementor-element elementor-element-b112f0d elementor-section-full_width elementor-section-height-default elementor-section-height-default\" data-id=\"b112f0d\" data-element_type=\"section\" data-e-type=\"section\">\n\t\t\t\t\t\t<div class=\"elementor-container elementor-column-gap-no\">\n\t\t\t\t\t<div class=\"elementor-column elementor-col-100 elementor-inner-column elementor-element elementor-element-d4b9e56\" data-id=\"d4b9e56\" data-element_type=\"column\" data-e-type=\"column\">\n\t\t\t<div class=\"elementor-widget-wrap elementor-element-populated\">\n\t\t\t\t\t\t<div class=\"elementor-element elementor-element-52efba6 elementor-widget elementor-widget-image\" data-id=\"52efba6\" data-element_type=\"widget\" data-e-type=\"widget\" data-widget_type=\"image.default\">\n\t\t\t\t<div class=\"elementor-widget-container\">\n\t\t\t\t\t\t\t\t\t\t\t\t\t\t\t<img loading=\"lazy\" decoding=\"async\" width=\"750\" height=\"138\" src=\"https:\/\/alhersem.com\/blog\/wp-content\/uploads\/2023\/03\/39-RCR-Arquitectes.jpg\" class=\"attachment-large size-large wp-image-3644\" alt=\"RCR Arquitectes\" srcset=\"https:\/\/alhersem.com\/blog\/wp-content\/uploads\/2023\/03\/39-RCR-Arquitectes.jpg 849w, https:\/\/alhersem.com\/blog\/wp-content\/uploads\/2023\/03\/39-RCR-Arquitectes-300x55.jpg 300w, https:\/\/alhersem.com\/blog\/wp-content\/uploads\/2023\/03\/39-RCR-Arquitectes-768x141.jpg 768w\" sizes=\"(max-width: 750px) 100vw, 750px\" style=\"width:100%;height:18.37%;max-width:849px\" \/>\t\t\t\t\t\t\t\t\t\t\t\t\t\t\t<\/div>\n\t\t\t\t<\/div>\n\t\t\t\t\t<\/div>\n\t\t<\/div>\n\t\t\t\t\t<\/div>\n\t\t<\/section>\n\t\t\t\t<div class=\"elementor-element elementor-element-e215cec elementor-widget elementor-widget-text-editor\" data-id=\"e215cec\" data-element_type=\"widget\" data-e-type=\"widget\" data-widget_type=\"text-editor.default\">\n\t\t\t\t<div class=\"elementor-widget-container\">\n\t\t\t\t\t\t\t\t\t<p><span style=\"color: #4d4d4d;\">Es un estudio de arquitectura espa\u00f1ol fundado en 1988 en Olot por Rafael Aranda, Carme Pigem y Ram\u00f3n Vilalta. Los tres se conocieron en la Escuela T\u00e9cnica Superior de Arquitectura del Vall\u00e8s y desde entonces han trabajado juntos en proyectos de diversas escalas y tipos.<\/span><\/p><p><span style=\"color: #4d4d4d;\">Uno de los primeros proyectos destacados de RCR fue la remodelaci\u00f3n del Espacio Barber\u00ed en Olot, que les vali\u00f3 el premio FAD de Arquitectura en 1995. Desde entonces, el estudio ha llevado a cabo numerosos proyectos de arquitectura, paisajismo y dise\u00f1o urbano, con un enfoque en la integraci\u00f3n cuidadosa de la arquitectura con el paisaje y la exploraci\u00f3n de materiales y texturas.<\/span><\/p><p><span style=\"color: #4d4d4d;\">En 2011, el estudio complet\u00f3 la Biblioteca Sant Antoni-Joan Oliver en Barcelona, que se convirti\u00f3 en un hito urbano y cultural de la ciudad y recibi\u00f3 el premio FAD de Arquitectura en 2017. Otros proyectos destacados incluyen el restaurante Les Cols en Olot, el Crematorio Hofheide en B\u00e9lgica, el Espacio Cel Obert en Ullastret y el Pabell\u00f3n de Catalu\u00f1a en la Expo de Shangh\u00e1i 2010.<\/span><\/p><p><span style=\"color: #4d4d4d;\">En 2013, RCR fue galardonado con el Premio Nacional de Cultura de Catalu\u00f1a, y en 2017, el estudio recibi\u00f3 el Premio Pritzker por su \u00abenfoque colaborativo y comprometido con el lugar y el paisaje\u00bb. En su discurso de aceptaci\u00f3n, el jurado elogi\u00f3 la \u00abpoes\u00eda que emana de sus obras\u00bb y la \u00abconexi\u00f3n entre el tiempo y el lugar, la arquitectura y el paisaje\u00bb.<\/span><\/p><p><span style=\"color: #4d4d4d;\">RCR Arquitectes es un estudio que sigue en activo y cuyo trabajo ha sido ampliamente reconocido y exhibido en todo el mundo, con proyectos en Espa\u00f1a, B\u00e9lgica, Francia, China y otros pa\u00edses.<br \/><\/span><\/p>\t\t\t\t\t\t\t\t<\/div>\n\t\t\t\t<\/div>\n\t\t\t\t<div class=\"elementor-element elementor-element-beffa21 elementor-widget elementor-widget-html\" data-id=\"beffa21\" data-element_type=\"widget\" data-e-type=\"widget\" data-widget_type=\"html.default\">\n\t\t\t\t<div class=\"elementor-widget-container\">\n\t\t\t\t\t<div style=\"width: 100%; border-top: 2px solid #CCCCCC; margin: 20px 0;\"><\/div>\t\t\t\t<\/div>\n\t\t\t\t<\/div>\n\t\t\t\t<div class=\"elementor-element elementor-element-ff41894 elementor-widget elementor-widget-heading\" data-id=\"ff41894\" data-element_type=\"widget\" data-e-type=\"widget\" data-widget_type=\"heading.default\">\n\t\t\t\t<div class=\"elementor-widget-container\">\n\t\t\t\t\t<h2 class=\"elementor-heading-title elementor-size-default\">Balkrishna Doshi<\/h2>\t\t\t\t<\/div>\n\t\t\t\t<\/div>\n\t\t\t\t<section class=\"elementor-section elementor-inner-section elementor-element elementor-element-e240d14 elementor-section-full_width elementor-section-height-default elementor-section-height-default\" data-id=\"e240d14\" data-element_type=\"section\" data-e-type=\"section\">\n\t\t\t\t\t\t<div class=\"elementor-container elementor-column-gap-no\">\n\t\t\t\t\t<div class=\"elementor-column elementor-col-100 elementor-inner-column elementor-element elementor-element-dd87f38\" data-id=\"dd87f38\" data-element_type=\"column\" data-e-type=\"column\">\n\t\t\t<div class=\"elementor-widget-wrap elementor-element-populated\">\n\t\t\t\t\t\t<div class=\"elementor-element elementor-element-2dd5382 elementor-widget elementor-widget-image\" data-id=\"2dd5382\" data-element_type=\"widget\" data-e-type=\"widget\" data-widget_type=\"image.default\">\n\t\t\t\t<div class=\"elementor-widget-container\">\n\t\t\t\t\t\t\t\t\t\t\t\t\t\t\t<img loading=\"lazy\" decoding=\"async\" width=\"750\" height=\"138\" src=\"https:\/\/alhersem.com\/blog\/wp-content\/uploads\/2023\/03\/40-Balkrishna-Doshi.jpg\" class=\"attachment-large size-large wp-image-3645\" alt=\"Balkrishna Doshi\" srcset=\"https:\/\/alhersem.com\/blog\/wp-content\/uploads\/2023\/03\/40-Balkrishna-Doshi.jpg 849w, https:\/\/alhersem.com\/blog\/wp-content\/uploads\/2023\/03\/40-Balkrishna-Doshi-300x55.jpg 300w, https:\/\/alhersem.com\/blog\/wp-content\/uploads\/2023\/03\/40-Balkrishna-Doshi-768x141.jpg 768w\" sizes=\"(max-width: 750px) 100vw, 750px\" style=\"width:100%;height:18.37%;max-width:849px\" \/>\t\t\t\t\t\t\t\t\t\t\t\t\t\t\t<\/div>\n\t\t\t\t<\/div>\n\t\t\t\t\t<\/div>\n\t\t<\/div>\n\t\t\t\t\t<\/div>\n\t\t<\/section>\n\t\t\t\t<div class=\"elementor-element elementor-element-56f0554 elementor-widget elementor-widget-text-editor\" data-id=\"56f0554\" data-element_type=\"widget\" data-e-type=\"widget\" data-widget_type=\"text-editor.default\">\n\t\t\t\t<div class=\"elementor-widget-container\">\n\t\t\t\t\t\t\t\t\t<p><span style=\"color: #4d4d4d;\">Nacido en Pune, India en 1927, es un arquitecto, urbanista y educador indio. Doshi trabaj\u00f3 con el arquitecto modernista Le Corbusier en Par\u00eds y en la India antes de fundar su propia firma, Vastu-Shilpa, en 1955.<\/span><\/p><p><span style=\"color: #4d4d4d;\">Doshi es conocido por su enfoque humanista de la arquitectura, que integra la tradici\u00f3n india con la modernidad. Su obra se caracteriza por el uso de materiales naturales, formas geom\u00e9tricas simples y una sensibilidad ambiental.<\/span><\/p><p><span style=\"color: #4d4d4d;\">En 2018, Doshi recibi\u00f3 el Premio Pritzker por su obra innovadora y su dedicaci\u00f3n a la ense\u00f1anza de la arquitectura en la India. Su obra incluye numerosos proyectos residenciales y de planificaci\u00f3n urbana, as\u00ed como edificios emblem\u00e1ticos como el Instituto de Tecnolog\u00eda de India, el Museo de Arte y Dise\u00f1o de Ahmedabad y la Universidad de Hyderabad.<\/span><\/p><p><span style=\"color: #4d4d4d;\">Doshi ha sido reconocido por su compromiso con la educaci\u00f3n y la formaci\u00f3n de nuevas generaciones de arquitectos en la India, y su trabajo ha sido aclamado por su capacidad para unir la cultura y la modernidad en su arquitectura.<br \/><\/span><\/p>\t\t\t\t\t\t\t\t<\/div>\n\t\t\t\t<\/div>\n\t\t\t\t<div class=\"elementor-element elementor-element-684a822 elementor-widget elementor-widget-heading\" data-id=\"684a822\" data-element_type=\"widget\" data-e-type=\"widget\" data-widget_type=\"heading.default\">\n\t\t\t\t<div class=\"elementor-widget-container\">\n\t\t\t\t\t<h2 class=\"elementor-heading-title elementor-size-default\">Arata Isozaki<\/h2>\t\t\t\t<\/div>\n\t\t\t\t<\/div>\n\t\t\t\t<section class=\"elementor-section elementor-inner-section elementor-element elementor-element-964fa75 elementor-section-full_width elementor-section-height-default elementor-section-height-default\" data-id=\"964fa75\" data-element_type=\"section\" data-e-type=\"section\">\n\t\t\t\t\t\t<div class=\"elementor-container elementor-column-gap-no\">\n\t\t\t\t\t<div class=\"elementor-column elementor-col-100 elementor-inner-column elementor-element elementor-element-78bf470\" data-id=\"78bf470\" data-element_type=\"column\" data-e-type=\"column\">\n\t\t\t<div class=\"elementor-widget-wrap elementor-element-populated\">\n\t\t\t\t\t\t<div class=\"elementor-element elementor-element-4c33434 elementor-widget elementor-widget-image\" data-id=\"4c33434\" data-element_type=\"widget\" data-e-type=\"widget\" data-widget_type=\"image.default\">\n\t\t\t\t<div class=\"elementor-widget-container\">\n\t\t\t\t\t\t\t\t\t\t\t\t\t\t\t<img loading=\"lazy\" decoding=\"async\" width=\"750\" height=\"138\" src=\"https:\/\/alhersem.com\/blog\/wp-content\/uploads\/2023\/03\/41-Arata-Isozaki.jpg\" class=\"attachment-large size-large wp-image-3646\" alt=\"Arata Isozaki\" srcset=\"https:\/\/alhersem.com\/blog\/wp-content\/uploads\/2023\/03\/41-Arata-Isozaki.jpg 849w, https:\/\/alhersem.com\/blog\/wp-content\/uploads\/2023\/03\/41-Arata-Isozaki-300x55.jpg 300w, https:\/\/alhersem.com\/blog\/wp-content\/uploads\/2023\/03\/41-Arata-Isozaki-768x141.jpg 768w\" sizes=\"(max-width: 750px) 100vw, 750px\" style=\"width:100%;height:18.37%;max-width:849px\" \/>\t\t\t\t\t\t\t\t\t\t\t\t\t\t\t<\/div>\n\t\t\t\t<\/div>\n\t\t\t\t\t<\/div>\n\t\t<\/div>\n\t\t\t\t\t<\/div>\n\t\t<\/section>\n\t\t\t\t<div class=\"elementor-element elementor-element-2124b82 elementor-widget elementor-widget-text-editor\" data-id=\"2124b82\" data-element_type=\"widget\" data-e-type=\"widget\" data-widget_type=\"text-editor.default\">\n\t\t\t\t<div class=\"elementor-widget-container\">\n\t\t\t\t\t\t\t\t\t<p><span style=\"color: #4d4d4d;\">Es un arquitecto japon\u00e9s nacido en 1931 en la ciudad de Oita. Se gradu\u00f3 en la Universidad de Tokio en 1954 y comenz\u00f3 a trabajar en la oficina de Kenzo Tange, uno de los arquitectos m\u00e1s influyentes de Jap\u00f3n. En 1963, Isozaki fund\u00f3 su propia oficina de arquitectura en Tokio y desde entonces ha dise\u00f1ado numerosos edificios ic\u00f3nicos en todo el mundo.<\/span><\/p><p><span style=\"color: #4d4d4d;\">Isozaki es conocido por su enfoque innovador y vanguardista de la arquitectura, que combina la tecnolog\u00eda moderna con los principios tradicionales japoneses. Algunos de sus edificios m\u00e1s destacados incluyen el Museo de Arte Contempor\u00e1neo de Los \u00c1ngeles, el Palau Sant Jordi de Barcelona, el edificio Fujimi en Tokio y el Centro Internacional de Conferencias de Kioto.<\/span><\/p><p><span style=\"color: #4d4d4d;\">En 2019, Isozaki fue galardonado con el Premio Pritzker de Arquitectura por su destacada carrera de m\u00e1s de 50 a\u00f1os, en la que ha sido un l\u00edder visionario y pionero en la arquitectura internacional.<br \/><\/span><\/p>\t\t\t\t\t\t\t\t<\/div>\n\t\t\t\t<\/div>\n\t\t\t\t<div class=\"elementor-element elementor-element-92d7d3f elementor-widget elementor-widget-html\" data-id=\"92d7d3f\" data-element_type=\"widget\" data-e-type=\"widget\" data-widget_type=\"html.default\">\n\t\t\t\t<div class=\"elementor-widget-container\">\n\t\t\t\t\t<div style=\"width: 100%; border-top: 2px solid #CCCCCC; margin: 20px 0;\"><\/div>\t\t\t\t<\/div>\n\t\t\t\t<\/div>\n\t\t\t\t<div class=\"elementor-element elementor-element-a569f22 elementor-widget elementor-widget-heading\" data-id=\"a569f22\" data-element_type=\"widget\" data-e-type=\"widget\" data-widget_type=\"heading.default\">\n\t\t\t\t<div class=\"elementor-widget-container\">\n\t\t\t\t\t<h2 class=\"elementor-heading-title elementor-size-default\">Grafton Architects<\/h2>\t\t\t\t<\/div>\n\t\t\t\t<\/div>\n\t\t\t\t<section class=\"elementor-section elementor-inner-section elementor-element elementor-element-8256d36 elementor-section-full_width elementor-section-height-default elementor-section-height-default\" data-id=\"8256d36\" data-element_type=\"section\" data-e-type=\"section\">\n\t\t\t\t\t\t<div class=\"elementor-container elementor-column-gap-no\">\n\t\t\t\t\t<div class=\"elementor-column elementor-col-100 elementor-inner-column elementor-element elementor-element-e590bf8\" data-id=\"e590bf8\" data-element_type=\"column\" data-e-type=\"column\">\n\t\t\t<div class=\"elementor-widget-wrap elementor-element-populated\">\n\t\t\t\t\t\t<div class=\"elementor-element elementor-element-8494e1c elementor-widget elementor-widget-image\" data-id=\"8494e1c\" data-element_type=\"widget\" data-e-type=\"widget\" data-widget_type=\"image.default\">\n\t\t\t\t<div class=\"elementor-widget-container\">\n\t\t\t\t\t\t\t\t\t\t\t\t\t\t\t<img loading=\"lazy\" decoding=\"async\" width=\"750\" height=\"138\" src=\"https:\/\/alhersem.com\/blog\/wp-content\/uploads\/2023\/03\/42-Grafton-Architects.jpg\" class=\"attachment-large size-large wp-image-3647\" alt=\"Grafton Architects\" srcset=\"https:\/\/alhersem.com\/blog\/wp-content\/uploads\/2023\/03\/42-Grafton-Architects.jpg 849w, https:\/\/alhersem.com\/blog\/wp-content\/uploads\/2023\/03\/42-Grafton-Architects-300x55.jpg 300w, https:\/\/alhersem.com\/blog\/wp-content\/uploads\/2023\/03\/42-Grafton-Architects-768x141.jpg 768w\" sizes=\"(max-width: 750px) 100vw, 750px\" style=\"width:100%;height:18.37%;max-width:849px\" \/>\t\t\t\t\t\t\t\t\t\t\t\t\t\t\t<\/div>\n\t\t\t\t<\/div>\n\t\t\t\t\t<\/div>\n\t\t<\/div>\n\t\t\t\t\t<\/div>\n\t\t<\/section>\n\t\t\t\t<div class=\"elementor-element elementor-element-d774396 elementor-widget elementor-widget-text-editor\" data-id=\"d774396\" data-element_type=\"widget\" data-e-type=\"widget\" data-widget_type=\"text-editor.default\">\n\t\t\t\t<div class=\"elementor-widget-container\">\n\t\t\t\t\t\t\t\t\t<p><span style=\"color: #4d4d4d;\">Es un estudio de arquitectura con sede en Dubl\u00edn, Irlanda, fundado por las arquitectas Shelley McNamara y Yvonne Farrell en 1978. Su trabajo se caracteriza por la atenci\u00f3n al contexto y la relaci\u00f3n entre el edificio y su entorno, as\u00ed como por el uso de materiales sostenibles y t\u00e9cnicas de construcci\u00f3n innovadoras.<\/span><\/p><p><span style=\"color: #4d4d4d;\">Entre sus obras m\u00e1s destacadas se encuentran la Universidad de Limerick Medical School, el edificio de la Universidad Bocconi en Mil\u00e1n, y la Universidad de Ingenier\u00eda y Tecnolog\u00eda de Lima. En 2020, Grafton Architects recibi\u00f3 el prestigioso Premio Pritzker, convirti\u00e9ndose en la cuarta mujer en ganar este reconocimiento en solitario. Adem\u00e1s, ambas arquitectas fueron galardonadas con la Medalla de Oro del RIBA en 2020, el mayor honor otorgado por el Royal Institute of British Architects.<br \/><\/span><\/p>\t\t\t\t\t\t\t\t<\/div>\n\t\t\t\t<\/div>\n\t\t\t\t<div class=\"elementor-element elementor-element-31e7c4c elementor-widget elementor-widget-html\" data-id=\"31e7c4c\" data-element_type=\"widget\" data-e-type=\"widget\" data-widget_type=\"html.default\">\n\t\t\t\t<div class=\"elementor-widget-container\">\n\t\t\t\t\t<div style=\"width: 100%; border-top: 2px solid #CCCCCC; margin: 20px 0;\"><\/div>\t\t\t\t<\/div>\n\t\t\t\t<\/div>\n\t\t\t\t<div class=\"elementor-element elementor-element-65806f0 elementor-widget elementor-widget-heading\" data-id=\"65806f0\" data-element_type=\"widget\" data-e-type=\"widget\" data-widget_type=\"heading.default\">\n\t\t\t\t<div class=\"elementor-widget-container\">\n\t\t\t\t\t<h2 class=\"elementor-heading-title elementor-size-default\">Anne Lacaton y Jean-Philippe Vassal<\/h2>\t\t\t\t<\/div>\n\t\t\t\t<\/div>\n\t\t\t\t<section class=\"elementor-section elementor-inner-section elementor-element elementor-element-6125626 elementor-section-full_width elementor-section-height-default elementor-section-height-default\" data-id=\"6125626\" data-element_type=\"section\" data-e-type=\"section\">\n\t\t\t\t\t\t<div class=\"elementor-container elementor-column-gap-no\">\n\t\t\t\t\t<div class=\"elementor-column elementor-col-100 elementor-inner-column elementor-element elementor-element-481f689\" data-id=\"481f689\" data-element_type=\"column\" data-e-type=\"column\">\n\t\t\t<div class=\"elementor-widget-wrap elementor-element-populated\">\n\t\t\t\t\t\t<div class=\"elementor-element elementor-element-1f66686 elementor-widget elementor-widget-image\" data-id=\"1f66686\" data-element_type=\"widget\" data-e-type=\"widget\" data-widget_type=\"image.default\">\n\t\t\t\t<div class=\"elementor-widget-container\">\n\t\t\t\t\t\t\t\t\t\t\t\t\t\t\t<img loading=\"lazy\" decoding=\"async\" width=\"750\" height=\"138\" src=\"https:\/\/alhersem.com\/blog\/wp-content\/uploads\/2023\/03\/43-Anne-Lacaton-y-Jean-Philippe-Vassal-1.jpg\" class=\"attachment-large size-large wp-image-3677\" alt=\"Anne Lacaton y Jean-Philippe Vassal\" srcset=\"https:\/\/alhersem.com\/blog\/wp-content\/uploads\/2023\/03\/43-Anne-Lacaton-y-Jean-Philippe-Vassal-1.jpg 849w, https:\/\/alhersem.com\/blog\/wp-content\/uploads\/2023\/03\/43-Anne-Lacaton-y-Jean-Philippe-Vassal-1-300x55.jpg 300w, https:\/\/alhersem.com\/blog\/wp-content\/uploads\/2023\/03\/43-Anne-Lacaton-y-Jean-Philippe-Vassal-1-768x141.jpg 768w\" sizes=\"(max-width: 750px) 100vw, 750px\" style=\"width:100%;height:18.37%;max-width:849px\" \/>\t\t\t\t\t\t\t\t\t\t\t\t\t\t\t<\/div>\n\t\t\t\t<\/div>\n\t\t\t\t\t<\/div>\n\t\t<\/div>\n\t\t\t\t\t<\/div>\n\t\t<\/section>\n\t\t\t\t<div class=\"elementor-element elementor-element-715de44 elementor-widget elementor-widget-text-editor\" data-id=\"715de44\" data-element_type=\"widget\" data-e-type=\"widget\" data-widget_type=\"text-editor.default\">\n\t\t\t\t<div class=\"elementor-widget-container\">\n\t\t\t\t\t\t\t\t\t<p><span style=\"color: #4d4d4d;\">Son una pareja de arquitectos franceses conocidos por su enfoque innovador y sostenible en el dise\u00f1o de viviendas y espacios p\u00fablicos. Ambos fundaron su estudio, Lacaton &amp; Vassal, en 1987 y desde entonces han ganado numerosos premios y reconocimientos por su trabajo.<\/span><\/p><p><span style=\"color: #4d4d4d;\">Uno de sus proyectos m\u00e1s destacados es la renovaci\u00f3n del complejo residencial \u00abTour Bois-le-Pr\u00eatre\u00bb en Par\u00eds, donde lograron mejorar las condiciones de vida de los residentes sin la necesidad de derribar y reconstruir el edificio. Tambi\u00e9n son conocidos por su trabajo en el pabell\u00f3n franc\u00e9s de la Expo 2000 en Hannover y por el dise\u00f1o de la Filarm\u00f3nica de Copenhague.<\/span><\/p><p><span style=\"color: #4d4d4d;\">En 2021, Lacaton y Vassal fueron galardonados con el Premio Pritzker por su enfoque humano y sostenible en el dise\u00f1o de edificios y por su compromiso en mejorar las condiciones de vida de las personas a trav\u00e9s de la arquitectura.<br \/><\/span><\/p>\t\t\t\t\t\t\t\t<\/div>\n\t\t\t\t<\/div>\n\t\t\t\t<div class=\"elementor-element elementor-element-1c75f6e elementor-widget elementor-widget-html\" data-id=\"1c75f6e\" data-element_type=\"widget\" data-e-type=\"widget\" data-widget_type=\"html.default\">\n\t\t\t\t<div class=\"elementor-widget-container\">\n\t\t\t\t\t<div style=\"width: 100%; border-top: 2px solid #CCCCCC; margin: 20px 0;\"><\/div>\t\t\t\t<\/div>\n\t\t\t\t<\/div>\n\t\t\t\t<div class=\"elementor-element elementor-element-065716d elementor-widget elementor-widget-heading\" data-id=\"065716d\" data-element_type=\"widget\" data-e-type=\"widget\" data-widget_type=\"heading.default\">\n\t\t\t\t<div class=\"elementor-widget-container\">\n\t\t\t\t\t<h2 class=\"elementor-heading-title elementor-size-default\">Di\u00e9b\u00e9do Francis K\u00e9r\u00e9<\/h2>\t\t\t\t<\/div>\n\t\t\t\t<\/div>\n\t\t\t\t<section class=\"elementor-section elementor-inner-section elementor-element elementor-element-1f83652 elementor-section-full_width elementor-section-height-default elementor-section-height-default\" data-id=\"1f83652\" data-element_type=\"section\" data-e-type=\"section\">\n\t\t\t\t\t\t<div class=\"elementor-container elementor-column-gap-no\">\n\t\t\t\t\t<div class=\"elementor-column elementor-col-100 elementor-inner-column elementor-element elementor-element-64c9557\" data-id=\"64c9557\" data-element_type=\"column\" data-e-type=\"column\">\n\t\t\t<div class=\"elementor-widget-wrap elementor-element-populated\">\n\t\t\t\t\t\t<div class=\"elementor-element elementor-element-08b1b2e elementor-widget elementor-widget-image\" data-id=\"08b1b2e\" data-element_type=\"widget\" data-e-type=\"widget\" data-widget_type=\"image.default\">\n\t\t\t\t<div class=\"elementor-widget-container\">\n\t\t\t\t\t\t\t\t\t\t\t\t\t\t\t<img loading=\"lazy\" decoding=\"async\" width=\"750\" height=\"138\" src=\"https:\/\/alhersem.com\/blog\/wp-content\/uploads\/2023\/03\/44-Diebedo-Francis-Kere.jpg\" class=\"attachment-large size-large wp-image-3649\" alt=\"Di\u00e9b\u00e9do Francis K\u00e9r\u00e9\" srcset=\"https:\/\/alhersem.com\/blog\/wp-content\/uploads\/2023\/03\/44-Diebedo-Francis-Kere.jpg 849w, https:\/\/alhersem.com\/blog\/wp-content\/uploads\/2023\/03\/44-Diebedo-Francis-Kere-300x55.jpg 300w, https:\/\/alhersem.com\/blog\/wp-content\/uploads\/2023\/03\/44-Diebedo-Francis-Kere-768x141.jpg 768w\" sizes=\"(max-width: 750px) 100vw, 750px\" style=\"width:100%;height:18.37%;max-width:849px\" \/>\t\t\t\t\t\t\t\t\t\t\t\t\t\t\t<\/div>\n\t\t\t\t<\/div>\n\t\t\t\t\t<\/div>\n\t\t<\/div>\n\t\t\t\t\t<\/div>\n\t\t<\/section>\n\t\t\t\t<div class=\"elementor-element elementor-element-24ae289 elementor-widget elementor-widget-text-editor\" data-id=\"24ae289\" data-element_type=\"widget\" data-e-type=\"widget\" data-widget_type=\"text-editor.default\">\n\t\t\t\t<div class=\"elementor-widget-container\">\n\t\t\t\t\t\t\t\t\t<p><span style=\"color: #4d4d4d;\">Es un arquitecto nacido en Burkina Faso en 1965. Se form\u00f3 en Berl\u00edn y fund\u00f3 su estudio en 2005, con sede en Berl\u00edn y Gando (Burkina Faso). Su trabajo se centra en la sostenibilidad y en el uso de materiales locales y t\u00e9cnicas constructivas tradicionales.<\/span><\/p><p><span style=\"color: #4d4d4d;\">En 2017, recibi\u00f3 el Premio Marcus, que reconoce a arquitectos excepcionales que han \u00abproducido una obra inspiradora que combina una gran est\u00e9tica con valores sociales, culturales y \u00e9ticos\u00bb. Tambi\u00e9n ha sido reconocido con el Premio Aga Khan de Arquitectura, el Premio BSI Swiss Architectural Award y la Medalla de Oro del Royal Institute of British Architects.<\/span><\/p><p><span style=\"color: #4d4d4d;\">Uno de sus proyectos m\u00e1s destacados es la Escuela Primaria de Gando, en Burkina Faso, que construy\u00f3 con la participaci\u00f3n activa de la comunidad local y utilizando t\u00e9cnicas de construcci\u00f3n tradicionales. El proyecto ha sido elogiado por su dise\u00f1o sostenible y por su enfoque en la educaci\u00f3n y el desarrollo comunitario.<br \/><\/span><\/p>\t\t\t\t\t\t\t\t<\/div>\n\t\t\t\t<\/div>\n\t\t\t\t<div class=\"elementor-element elementor-element-90c4537 elementor-widget elementor-widget-html\" data-id=\"90c4537\" data-element_type=\"widget\" data-e-type=\"widget\" data-widget_type=\"html.default\">\n\t\t\t\t<div class=\"elementor-widget-container\">\n\t\t\t\t\t<div style=\"width: 100%; border-top: 2px solid #CCCCCC; margin: 20px 0;\"><\/div>\t\t\t\t<\/div>\n\t\t\t\t<\/div>\n\t\t\t\t<div class=\"elementor-element elementor-element-471fb3e elementor-widget elementor-widget-heading\" data-id=\"471fb3e\" data-element_type=\"widget\" data-e-type=\"widget\" data-widget_type=\"heading.default\">\n\t\t\t\t<div class=\"elementor-widget-container\">\n\t\t\t\t\t<h2 class=\"elementor-heading-title elementor-size-default\">David Chipperfield<\/h2>\t\t\t\t<\/div>\n\t\t\t\t<\/div>\n\t\t\t\t<section class=\"elementor-section elementor-inner-section elementor-element elementor-element-b8aaa8d elementor-section-full_width elementor-section-height-default elementor-section-height-default\" data-id=\"b8aaa8d\" data-element_type=\"section\" data-e-type=\"section\">\n\t\t\t\t\t\t<div class=\"elementor-container elementor-column-gap-no\">\n\t\t\t\t\t<div class=\"elementor-column elementor-col-100 elementor-inner-column elementor-element elementor-element-5710735\" data-id=\"5710735\" data-element_type=\"column\" data-e-type=\"column\">\n\t\t\t<div class=\"elementor-widget-wrap elementor-element-populated\">\n\t\t\t\t\t\t<div class=\"elementor-element elementor-element-0e4a47c elementor-widget elementor-widget-image\" data-id=\"0e4a47c\" data-element_type=\"widget\" data-e-type=\"widget\" data-widget_type=\"image.default\">\n\t\t\t\t<div class=\"elementor-widget-container\">\n\t\t\t\t\t\t\t\t\t\t\t\t\t\t\t<img loading=\"lazy\" decoding=\"async\" width=\"750\" height=\"138\" src=\"https:\/\/alhersem.com\/blog\/wp-content\/uploads\/2023\/03\/45-David-Chipperfield.jpg\" class=\"attachment-large size-large wp-image-3673\" alt=\"David Chipperfield\" srcset=\"https:\/\/alhersem.com\/blog\/wp-content\/uploads\/2023\/03\/45-David-Chipperfield.jpg 849w, https:\/\/alhersem.com\/blog\/wp-content\/uploads\/2023\/03\/45-David-Chipperfield-300x55.jpg 300w, https:\/\/alhersem.com\/blog\/wp-content\/uploads\/2023\/03\/45-David-Chipperfield-768x141.jpg 768w\" sizes=\"(max-width: 750px) 100vw, 750px\" style=\"width:100%;height:18.37%;max-width:849px\" \/>\t\t\t\t\t\t\t\t\t\t\t\t\t\t\t<\/div>\n\t\t\t\t<\/div>\n\t\t\t\t\t<\/div>\n\t\t<\/div>\n\t\t\t\t\t<\/div>\n\t\t<\/section>\n\t\t\t\t<div class=\"elementor-element elementor-element-b15063d elementor-widget elementor-widget-text-editor\" data-id=\"b15063d\" data-element_type=\"widget\" data-e-type=\"widget\" data-widget_type=\"text-editor.default\">\n\t\t\t\t<div class=\"elementor-widget-container\">\n\t\t\t\t\t\t\t\t\t<p><span style=\"color: #4d4d4d;\">Es un arquitecto brit\u00e1nico conocido por su estilo minimalista y su enfoque en la calidad de la luz y los materiales en sus dise\u00f1os. Nacido en Londres en 1953, Chipperfield estudi\u00f3 en la Architectural Association de la ciudad antes de trabajar con arquitectos como Douglas Stephen, Richard Rogers y Norman Foster.<\/span><\/p><p><span style=\"color: #4d4d4d;\">En 1985, Chipperfield estableci\u00f3 su propio estudio de arquitectura, David Chipperfield Architects, que ha trabajado en proyectos en todo el mundo, desde la reconstrucci\u00f3n de la Neues Museum en Berl\u00edn hasta el dise\u00f1o del complejo residencial Bryant Park en Nueva York.<\/span><\/p><p><span style=\"color: #4d4d4d;\">Entre los proyectos m\u00e1s destacados de Chipperfield se encuentran el Museo Jumex en Ciudad de M\u00e9xico, la restauraci\u00f3n de la Royal Academy of Arts de Londres y la renovaci\u00f3n del complejo cultural Sanatorium Dr. Barner en Alemania.<\/span><\/p><p><span style=\"color: #4d4d4d;\">Chipperfield ha recibido numerosos premios y reconocimientos por su trabajo, incluyendo la Medalla de Oro del Royal Institute of British Architects y el Premio Mies van der Rohe. En 2023, se convirti\u00f3 en el ganador del Premio Pritzker, considerado el premio m\u00e1s prestigioso en arquitectura a nivel mundial.<\/span><\/p><p><span style=\"color: #4d4d4d;\">A lo largo de su carrera, Chipperfield ha demostrado su compromiso con el dise\u00f1o sostenible y la conservaci\u00f3n del patrimonio arquitect\u00f3nico, as\u00ed como su habilidad para crear espacios elegantes y funcionales que mejoran la calidad de vida de las personas.<br \/><\/span><\/p>\t\t\t\t\t\t\t\t<\/div>\n\t\t\t\t<\/div>\n\t\t\t\t<div class=\"elementor-element elementor-element-3cb44b0 elementor-widget elementor-widget-html\" data-id=\"3cb44b0\" data-element_type=\"widget\" data-e-type=\"widget\" data-widget_type=\"html.default\">\n\t\t\t\t<div class=\"elementor-widget-container\">\n\t\t\t\t\t<div style=\"width: 100%; border-top: 2px solid #CCCCCC; margin: 20px 0;\"><\/div>\t\t\t\t<\/div>\n\t\t\t\t<\/div>\n\t\t\t\t<div class=\"elementor-element elementor-element-ce1a668 elementor-widget elementor-widget-html\" data-id=\"ce1a668\" data-element_type=\"widget\" data-e-type=\"widget\" data-widget_type=\"html.default\">\n\t\t\t\t<div class=\"elementor-widget-container\">\n\t\t\t\t\t<div class=\"container blog-list-post-comment\">\n    <h2>Comentarios<\/h2>\n    <p class=\"descripcionform\">Nos interesa conocer tu opini\u00f3n, d\u00e9janos un comentario<\/p>\n    <form id=\"formcomentario\" class=\"form-blue\" action=\"https:\/\/alhersem.com\/comentario\/blog\/crear\" method=\"POST\">\n        <input type=\"hidden\" id=\"tituloblog\" name=\"tituloblog\" value=\"\">\n        <input type=\"hidden\" id=\"linkblog\" name=\"linkblog\" value=\"\">\n        <input type=\"hidden\" id=\"fechac\" name=\"fechac\" value=\"\">\n        <div class=\"row my-3\">\n            <div class=\"col\">\n                <label for=\"nombre\">Nombre: <span style=\"color: red;\">*<\/span><\/label>\n                <input type=\"text\" id=\"nombre\" name=\"nombre\" class=\"form-control\" placeholder=\"\" required>\n            <\/div>\n            <div class=\"col\">\n                <label for=\"correo\">Correo: <span style=\"color: red;\">*<\/span><\/label>\n                <input type=\"email\" id=\"correo\" name=\"correo\" class=\"form-control\" placeholder=\"\" required>\n            <\/div>\n        <\/div>\n        <label for=\"comentario\">Comentario: <span style=\"color: red;\">*<\/span><\/label>\n        <textarea id=\"comentario\" name=\"comentario\" class=\"form-control mb-3\" placeholder=\"\" rows=\"5\" required><\/textarea>\n        <button id=\"bton\" class=\"btn d-flex mr-0 ml-auto\" onclick=\"enviar_cometario_blog()\">Enviar<\/button>\n    <\/form>\n<\/div>\t\t\t\t<\/div>\n\t\t\t\t<\/div>\n\t\t\t\t<div class=\"elementor-element elementor-element-6573992 elementor-widget elementor-widget-html\" data-id=\"6573992\" data-element_type=\"widget\" data-e-type=\"widget\" data-widget_type=\"html.default\">\n\t\t\t\t<div class=\"elementor-widget-container\">\n\t\t\t\t\t<div id=\"comentcontainer\"><\/div>\t\t\t\t<\/div>\n\t\t\t\t<\/div>\n\t\t\t\t\t<\/div>\n\t\t<\/div>\n\t\t\t\t\t<\/div>\n\t\t<\/section>\n\t\t\t\t<section class=\"elementor-section elementor-top-section elementor-element elementor-element-61e69d8c elementor-section-full_width elementor-section-height-default elementor-section-height-default\" data-id=\"61e69d8c\" data-element_type=\"section\" data-e-type=\"section\">\n\t\t\t\t\t\t<div class=\"elementor-container elementor-column-gap-default\">\n\t\t\t\t\t<div class=\"elementor-column elementor-col-100 elementor-top-column elementor-element elementor-element-5edd0363\" data-id=\"5edd0363\" data-element_type=\"column\" data-e-type=\"column\">\n\t\t\t<div class=\"elementor-widget-wrap elementor-element-populated\">\n\t\t\t\t\t\t<div class=\"elementor-element elementor-element-606ba738 elementor-widget elementor-widget-html\" data-id=\"606ba738\" data-element_type=\"widget\" data-e-type=\"widget\" data-widget_type=\"html.default\">\n\t\t\t\t<div class=\"elementor-widget-container\">\n\t\t\t\t\t<div class=\"widget\">\r\n    <div class=\"sidebar-widget-title mb-25\">\r\n        <h4><span>Tambi\u00e9n podr\u00eda interesarte:<\/span><\/h4>\r\n    <\/div>\r\n    <div id=\"cont_rel_blogs\" class=\"d-flex flex-column flex-md-row align-items-center align-items-md-start justify-content-center\"><\/div>\r\n<\/div>\t\t\t\t<\/div>\n\t\t\t\t<\/div>\n\t\t\t\t\t<\/div>\n\t\t<\/div>\n\t\t\t\t\t<\/div>\n\t\t<\/section>\n\t\t\t\t<\/div>\n\t\t","protected":false},"excerpt":{"rendered":"<p>El Premio Pritzker es el premio m\u00e1s prestigioso del mundo en arquitectura que reconoce a arquitectos han hecho contribuciones significativas a la arquitectura.<\/p>\n","protected":false},"author":1,"featured_media":3653,"comment_status":"open","ping_status":"open","sticky":false,"template":"elementor_header_footer","format":"standard","meta":{"footnotes":""},"categories":[27,33],"tags":[],"class_list":["post-3671","post","type-post","status-publish","format-standard","has-post-thumbnail","hentry","category-arquitectura","category-diseno-de-ingenierias","entry"],"aioseo_notices":[],"_links":{"self":[{"href":"https:\/\/alhersem.com\/blog\/wp-json\/wp\/v2\/posts\/3671","targetHints":{"allow":["GET"]}}],"collection":[{"href":"https:\/\/alhersem.com\/blog\/wp-json\/wp\/v2\/posts"}],"about":[{"href":"https:\/\/alhersem.com\/blog\/wp-json\/wp\/v2\/types\/post"}],"author":[{"embeddable":true,"href":"https:\/\/alhersem.com\/blog\/wp-json\/wp\/v2\/users\/1"}],"replies":[{"embeddable":true,"href":"https:\/\/alhersem.com\/blog\/wp-json\/wp\/v2\/comments?post=3671"}],"version-history":[{"count":7,"href":"https:\/\/alhersem.com\/blog\/wp-json\/wp\/v2\/posts\/3671\/revisions"}],"predecessor-version":[{"id":3680,"href":"https:\/\/alhersem.com\/blog\/wp-json\/wp\/v2\/posts\/3671\/revisions\/3680"}],"wp:featuredmedia":[{"embeddable":true,"href":"https:\/\/alhersem.com\/blog\/wp-json\/wp\/v2\/media\/3653"}],"wp:attachment":[{"href":"https:\/\/alhersem.com\/blog\/wp-json\/wp\/v2\/media?parent=3671"}],"wp:term":[{"taxonomy":"category","embeddable":true,"href":"https:\/\/alhersem.com\/blog\/wp-json\/wp\/v2\/categories?post=3671"},{"taxonomy":"post_tag","embeddable":true,"href":"https:\/\/alhersem.com\/blog\/wp-json\/wp\/v2\/tags?post=3671"}],"curies":[{"name":"wp","href":"https:\/\/api.w.org\/{rel}","templated":true}]}}