{"id":7602,"date":"2023-10-25T11:46:54","date_gmt":"2023-10-25T16:46:54","guid":{"rendered":"https:\/\/alhersem.com\/blog\/?p=7602"},"modified":"2023-10-25T12:30:30","modified_gmt":"2023-10-25T17:30:30","slug":"calica-fin-de-la-explotacion","status":"publish","type":"post","link":"https:\/\/alhersem.com\/blog\/calica-fin-de-la-explotacion\/","title":{"rendered":"Calica \u00bffin de la explotaci\u00f3n?"},"content":{"rendered":"\t\t<div data-elementor-type=\"wp-post\" data-elementor-id=\"7602\" class=\"elementor elementor-7602\">\n\t\t\t\t\t\t<section class=\"elementor-section elementor-top-section elementor-element elementor-element-2cbf6c0e elementor-section-full_width elementor-section-height-min-height elementor-section-items-top elementor-section-content-top elementor-section-height-default\" data-id=\"2cbf6c0e\" data-element_type=\"section\" data-e-type=\"section\">\n\t\t\t\t\t\t<div class=\"elementor-container elementor-column-gap-no\">\n\t\t\t\t\t<div class=\"elementor-column elementor-col-100 elementor-top-column elementor-element elementor-element-27177c3e\" data-id=\"27177c3e\" data-element_type=\"column\" data-e-type=\"column\" data-settings=\"{&quot;background_background&quot;:&quot;classic&quot;}\">\n\t\t\t<div class=\"elementor-widget-wrap elementor-element-populated\">\n\t\t\t\t\t\t<div class=\"elementor-element elementor-element-79dce77 elementor-widget elementor-widget-html\" data-id=\"79dce77\" data-element_type=\"widget\" data-e-type=\"widget\" data-widget_type=\"html.default\">\n\t\t\t\t<div class=\"elementor-widget-container\">\n\t\t\t\t\t<div style=\"box-shadow: 0 10px 15px rgb(25 25 25 \/ 50%);\n height: 2px; margin-top: -2px;\"><\/div>\t\t\t\t<\/div>\n\t\t\t\t<\/div>\n\t\t\t\t<div class=\"elementor-element elementor-element-7c2dda4b elementor-widget elementor-widget-html\" data-id=\"7c2dda4b\" data-element_type=\"widget\" data-e-type=\"widget\" data-widget_type=\"html.default\">\n\t\t\t\t<div class=\"elementor-widget-container\">\n\t\t\t\t\t<div class=\"banner-area\">\r\n    <div class=\"d-flex align-items-center justify-content-start h-100\">\r\n        <div class=\"bkgnblack\">\r\n            <div class=\"banner-area-cont-text\">\r\n                <h1>Calica<\/h1>\r\n                <p class=\"subtext text-sm-left\">Un Largo Camino Hacia la Preservaci\u00f3n Ambiental en M\u00e9xico<\/p>\r\n            <\/div>\r\n        <\/div>\r\n    <\/div>\r\n<\/div>\t\t\t\t<\/div>\n\t\t\t\t<\/div>\n\t\t\t\t\t<\/div>\n\t\t<\/div>\n\t\t\t\t\t<\/div>\n\t\t<\/section>\n\t\t\t\t<section class=\"elementor-section elementor-top-section elementor-element elementor-element-3011abd1 elementor-section-full_width elementor-section-height-default elementor-section-height-default\" data-id=\"3011abd1\" data-element_type=\"section\" data-e-type=\"section\">\n\t\t\t\t\t\t<div class=\"elementor-container elementor-column-gap-default\">\n\t\t\t\t\t<div class=\"elementor-column elementor-col-100 elementor-top-column elementor-element elementor-element-2f053b6a\" data-id=\"2f053b6a\" data-element_type=\"column\" data-e-type=\"column\" data-settings=\"{&quot;background_background&quot;:&quot;classic&quot;}\">\n\t\t\t<div class=\"elementor-widget-wrap elementor-element-populated\">\n\t\t\t\t\t\t<section class=\"elementor-section elementor-inner-section elementor-element elementor-element-6d144d0a elementor-section-full_width elementor-section-content-top elementor-section-height-default elementor-section-height-default\" data-id=\"6d144d0a\" data-element_type=\"section\" data-e-type=\"section\">\n\t\t\t\t\t\t<div class=\"elementor-container elementor-column-gap-no\">\n\t\t\t\t\t<div class=\"elementor-column elementor-col-66 elementor-inner-column elementor-element elementor-element-4a0b91b2 position-relative\" data-id=\"4a0b91b2\" data-element_type=\"column\" data-e-type=\"column\">\n\t\t\t<div class=\"elementor-widget-wrap elementor-element-populated\">\n\t\t\t\t\t\t<div class=\"elementor-element elementor-element-1c1af0e8 floating-letter elementor-widget elementor-widget-heading\" data-id=\"1c1af0e8\" data-element_type=\"widget\" data-e-type=\"widget\" data-widget_type=\"heading.default\">\n\t\t\t\t<div class=\"elementor-widget-container\">\n\t\t\t\t\t<span class=\"elementor-heading-title elementor-size-default\">E<\/span>\t\t\t\t<\/div>\n\t\t\t\t<\/div>\n\t\t\t\t\t<\/div>\n\t\t<\/div>\n\t\t\t\t<div class=\"elementor-column elementor-col-33 elementor-inner-column elementor-element elementor-element-27bd28a7\" data-id=\"27bd28a7\" data-element_type=\"column\" data-e-type=\"column\">\n\t\t\t<div class=\"elementor-widget-wrap elementor-element-populated\">\n\t\t\t\t\t\t<div class=\"elementor-element elementor-element-412f7b49 elementor-widget elementor-widget-heading\" data-id=\"412f7b49\" data-element_type=\"widget\" data-e-type=\"widget\" data-widget_type=\"heading.default\">\n\t\t\t\t<div class=\"elementor-widget-container\">\n\t\t\t\t\t<span class=\"elementor-heading-title elementor-size-default\">25 DE OCTUBRE DE 2023<\/span>\t\t\t\t<\/div>\n\t\t\t\t<\/div>\n\t\t\t\t\t<\/div>\n\t\t<\/div>\n\t\t\t\t\t<\/div>\n\t\t<\/section>\n\t\t\t\t<div class=\"elementor-element elementor-element-36df5ca5 elementor-widget elementor-widget-text-editor\" data-id=\"36df5ca5\" data-element_type=\"widget\" data-e-type=\"widget\" data-widget_type=\"text-editor.default\">\n\t\t\t\t<div class=\"elementor-widget-container\">\n\t\t\t\t\t\t\t\t\t<p><span style=\"color: #4d4d4d;\">En el mes de abril del a\u00f1o 2022, M\u00e9xico fue testigo de un giro transcendental en su pol\u00edtica ambiental y econ\u00f3mica. La administraci\u00f3n federal, encabezada por el presidente Andr\u00e9s Manuel L\u00f3pez Obrador, decidi\u00f3 condicionar la autorizaci\u00f3n de un pol\u00e9mico plan a la <strong>cancelaci\u00f3n definitiva de operaciones extractivas<\/strong> que estaban teniendo un profundo impacto en el ecosistema de una vasta extensi\u00f3n de tierras en Quintana Roo. Este requerimiento fue acompa\u00f1ado por una audaz oferta: comprar m\u00e1s de 2,000 hect\u00e1reas de terreno concesionadas previamente a la empresa Calica, con la intenci\u00f3n de transformarlas en un parque natural y, de esta manera, preservar la biodiversidad de la regi\u00f3n.<\/span><\/p>\t\t\t\t\t\t\t\t<\/div>\n\t\t\t\t<\/div>\n\t\t\t\t<div class=\"elementor-element elementor-element-658cebd9 elementor-widget elementor-widget-text-editor\" data-id=\"658cebd9\" data-element_type=\"widget\" data-e-type=\"widget\" data-widget_type=\"text-editor.default\">\n\t\t\t\t<div class=\"elementor-widget-container\">\n\t\t\t\t\t\t\t\t\t<p><span style=\"color: #4d4d4d;\"><strong>Calica<\/strong>, empresa dedicada a la extracci\u00f3n de roca caliza, rechaz\u00f3 categ\u00f3ricamente esta propuesta, lo que marc\u00f3 el inicio de un conflicto que culmin\u00f3 con la clausura de sus instalaciones por parte de la Procuradur\u00eda Federal de Protecci\u00f3n al Ambiente (<strong>PROFEPA<\/strong>) el 6 de mayo del mismo a\u00f1o. A partir de ese momento, el caso Calica qued\u00f3 bajo la jurisdicci\u00f3n de la Secretar\u00eda de Medio Ambiente y Recursos Naturales (<strong>SEMARNAT<\/strong>), cuya titular, Mar\u00eda Luisa Albores, asumi\u00f3 el compromiso de cumplir la instrucci\u00f3n presidencial de ampliar las reservas naturales y garantizar la preservaci\u00f3n de las \u00e1reas protegidas en el territorio mexicano.<\/span><\/p>\t\t\t\t\t\t\t\t<\/div>\n\t\t\t\t<\/div>\n\t\t\t\t<div class=\"elementor-element elementor-element-6814a76 elementor-widget elementor-widget-text-editor\" data-id=\"6814a76\" data-element_type=\"widget\" data-e-type=\"widget\" data-widget_type=\"text-editor.default\">\n\t\t\t\t<div class=\"elementor-widget-container\">\n\t\t\t\t\t\t\t\t\t<p><span style=\"color: #4d4d4d;\">Recientemente, en el Diario Oficial de la Federaci\u00f3n, se public\u00f3 una declaratoria trascendental para la conservaci\u00f3n ambiental en M\u00e9xico. Se anunciaron 13 nuevas reservas naturales en predios de <strong>FONATUR<\/strong>, distribuidos estrat\u00e9gicamente en Baja California, Baja California Sur, Sinaloa, Guerrero, Oaxaca y Quintana Roo. Este anuncio marc\u00f3 un hito en la lucha por la protecci\u00f3n de la riqueza biol\u00f3gica y ecosist\u00e9mica que caracteriza a estas regiones del pa\u00eds.<\/span><\/p>\t\t\t\t\t\t\t\t<\/div>\n\t\t\t\t<\/div>\n\t\t\t\t<section class=\"elementor-section elementor-inner-section elementor-element elementor-element-6798e467 elementor-section-full_width elementor-section-height-default elementor-section-height-default\" data-id=\"6798e467\" data-element_type=\"section\" data-e-type=\"section\">\n\t\t\t\t\t\t<div class=\"elementor-container elementor-column-gap-no\">\n\t\t\t\t\t<div class=\"elementor-column elementor-col-100 elementor-inner-column elementor-element elementor-element-18be53a2\" data-id=\"18be53a2\" data-element_type=\"column\" data-e-type=\"column\">\n\t\t\t<div class=\"elementor-widget-wrap elementor-element-populated\">\n\t\t\t\t\t\t<div class=\"elementor-element elementor-element-953f646 elementor-pagination-position-outside elementor-widget elementor-widget-image-carousel\" data-id=\"953f646\" data-element_type=\"widget\" data-e-type=\"widget\" data-settings=\"{&quot;navigation&quot;:&quot;dots&quot;,&quot;lazyload&quot;:&quot;yes&quot;,&quot;autoplay&quot;:&quot;no&quot;,&quot;slides_to_show&quot;:&quot;1&quot;,&quot;infinite&quot;:&quot;yes&quot;,&quot;effect&quot;:&quot;slide&quot;,&quot;speed&quot;:500}\" data-widget_type=\"image-carousel.default\">\n\t\t\t\t<div class=\"elementor-widget-container\">\n\t\t\t\t\t\t\t<div class=\"elementor-image-carousel-wrapper swiper\" role=\"region\" aria-roledescription=\"carousel\" aria-label=\"Carrusel de Im\u00e1genes\" dir=\"ltr\">\n\t\t\t<div class=\"elementor-image-carousel swiper-wrapper\" aria-live=\"polite\">\n\t\t\t\t\t\t\t\t<div class=\"swiper-slide\" role=\"group\" aria-roledescription=\"slide\" aria-label=\"1 de 3\"><figure class=\"swiper-slide-inner\"><img class=\"swiper-slide-image swiper-lazy\" data-src=\"https:\/\/alhersem.com\/blog\/wp-content\/uploads\/2023\/10\/Fotos-Blog-calica-5.jpg\" alt=\"clausura de calica\" \/><div class=\"swiper-lazy-preloader\"><\/div><\/figure><\/div><div class=\"swiper-slide\" role=\"group\" aria-roledescription=\"slide\" aria-label=\"2 de 3\"><figure class=\"swiper-slide-inner\"><img class=\"swiper-slide-image swiper-lazy\" data-src=\"https:\/\/alhersem.com\/blog\/wp-content\/uploads\/2023\/10\/Fotos-Blog-calica-3.jpg\" alt=\"ubicaci\u00f3n de punta venado\" \/><div class=\"swiper-lazy-preloader\"><\/div><\/figure><\/div><div class=\"swiper-slide\" role=\"group\" aria-roledescription=\"slide\" aria-label=\"3 de 3\"><figure class=\"swiper-slide-inner\"><img class=\"swiper-slide-image swiper-lazy\" data-src=\"https:\/\/alhersem.com\/blog\/wp-content\/uploads\/2023\/10\/Fotos-Blog-calica-6.jpg\" alt=\"Andres manuel lopez obrador\" \/><div class=\"swiper-lazy-preloader\"><\/div><\/figure><\/div>\t\t\t<\/div>\n\t\t\t\t\t\t\t\n\t\t\t\t\t\t\t\t\t<div class=\"swiper-pagination\"><\/div>\n\t\t\t\t\t\t\t\t\t<\/div>\n\t\t\t\t\t\t<\/div>\n\t\t\t\t<\/div>\n\t\t\t\t\t<\/div>\n\t\t<\/div>\n\t\t\t\t\t<\/div>\n\t\t<\/section>\n\t\t\t\t<div class=\"elementor-element elementor-element-2342519 elementor-widget elementor-widget-text-editor\" data-id=\"2342519\" data-element_type=\"widget\" data-e-type=\"widget\" data-widget_type=\"text-editor.default\">\n\t\t\t\t<div class=\"elementor-widget-container\">\n\t\t\t\t\t\t\t\t\t<p><span style=\"color: #4d4d4d;\">En consonancia con estos acontecimientos, el presidente <strong>Andr\u00e9s Manuel L\u00f3pez Obrador<\/strong> expres\u00f3 su intenci\u00f3n de emitir un decreto que declare como \u00e1reas naturales protegidas aquellos predios de Calica que a\u00fan no han sufrido los estragos de la extracci\u00f3n de piedra caliza. Este acto, que ser\u00eda una suerte de expropiaci\u00f3n de facto, tiene como prop\u00f3sito central la recuperaci\u00f3n de las \u00e1reas que han sido fuertemente impactadas, para ser transformadas en un <strong>parque ecotur\u00edstico<\/strong> administrado por la Secretar\u00eda de la Defensa Nacional (<strong>SEDENA<\/strong>). Adem\u00e1s, se busca recuperar la terminal mar\u00edtima privada de Punta Venado y evitar que la compa\u00f1\u00eda estadounidense contin\u00fae operando en el pa\u00eds.<\/span><\/p>\t\t\t\t\t\t\t\t<\/div>\n\t\t\t\t<\/div>\n\t\t\t\t<div class=\"elementor-element elementor-element-29187d4 elementor-widget elementor-widget-text-editor\" data-id=\"29187d4\" data-element_type=\"widget\" data-e-type=\"widget\" data-widget_type=\"text-editor.default\">\n\t\t\t\t<div class=\"elementor-widget-container\">\n\t\t\t\t\t\t\t\t\t<p><span style=\"color: #4d4d4d;\">Vulcan Materials, a trav\u00e9s de su filial SAC-TUN, ha explotado durante 36 a\u00f1os vastas \u00e1reas de selva, r\u00edos subterr\u00e1neos, cenotes y manglares en Quintana Roo para extraer roca caliza con el fin de exportarla a Estados Unidos. Este proceso extractivo ha tenido <strong>consecuencias ambientales<\/strong> de gran magnitud, incluyendo la contaminaci\u00f3n del agua con nitratos y otras sustancias a causa del uso continuo de explosivos.<\/span><\/p>\t\t\t\t\t\t\t\t<\/div>\n\t\t\t\t<\/div>\n\t\t\t\t<div class=\"elementor-element elementor-element-56c9677 elementor-widget elementor-widget-text-editor\" data-id=\"56c9677\" data-element_type=\"widget\" data-e-type=\"widget\" data-widget_type=\"text-editor.default\">\n\t\t\t\t<div class=\"elementor-widget-container\">\n\t\t\t\t\t\t\t\t\t<p><span style=\"color: #4d4d4d;\">No obstante, los estragos van m\u00e1s all\u00e1. La actividad minera ha tenido un impacto devastador en la biodiversidad del sitio, afectando a un total de 942 especies, incluyendo fauna y flora, entre las que se encuentran algunas en <strong>peligro de extinci\u00f3n<\/strong>. Este desastre ecol\u00f3gico se considera uno de los mayores causados por una empresa extranjera en la Pen\u00ednsula de Yucat\u00e1n y, en especial, en la Riviera Maya.<\/span><\/p>\t\t\t\t\t\t\t\t<\/div>\n\t\t\t\t<\/div>\n\t\t\t\t<section class=\"elementor-section elementor-inner-section elementor-element elementor-element-e6f7786 elementor-section-full_width elementor-section-height-default elementor-section-height-default\" data-id=\"e6f7786\" data-element_type=\"section\" data-e-type=\"section\">\n\t\t\t\t\t\t<div class=\"elementor-container elementor-column-gap-no\">\n\t\t\t\t\t<div class=\"elementor-column elementor-col-100 elementor-inner-column elementor-element elementor-element-150218f\" data-id=\"150218f\" data-element_type=\"column\" data-e-type=\"column\">\n\t\t\t<div class=\"elementor-widget-wrap elementor-element-populated\">\n\t\t\t\t\t\t<div class=\"elementor-element elementor-element-cc38809 elementor-pagination-position-outside elementor-widget elementor-widget-image-carousel\" data-id=\"cc38809\" data-element_type=\"widget\" data-e-type=\"widget\" data-settings=\"{&quot;navigation&quot;:&quot;dots&quot;,&quot;lazyload&quot;:&quot;yes&quot;,&quot;autoplay&quot;:&quot;no&quot;,&quot;slides_to_show&quot;:&quot;1&quot;,&quot;infinite&quot;:&quot;yes&quot;,&quot;effect&quot;:&quot;slide&quot;,&quot;speed&quot;:500}\" data-widget_type=\"image-carousel.default\">\n\t\t\t\t<div class=\"elementor-widget-container\">\n\t\t\t\t\t\t\t<div class=\"elementor-image-carousel-wrapper swiper\" role=\"region\" aria-roledescription=\"carousel\" aria-label=\"Carrusel de Im\u00e1genes\" dir=\"ltr\">\n\t\t\t<div class=\"elementor-image-carousel swiper-wrapper\" aria-live=\"polite\">\n\t\t\t\t\t\t\t\t<div class=\"swiper-slide\" role=\"group\" aria-roledescription=\"slide\" aria-label=\"1 de 3\"><figure class=\"swiper-slide-inner\"><img class=\"swiper-slide-image swiper-lazy\" data-src=\"https:\/\/alhersem.com\/blog\/wp-content\/uploads\/2023\/10\/Fotos-Blog-calica-1.jpg\" alt=\"vista a\u00e9rea de calica\" \/><div class=\"swiper-lazy-preloader\"><\/div><\/figure><\/div><div class=\"swiper-slide\" role=\"group\" aria-roledescription=\"slide\" aria-label=\"2 de 3\"><figure class=\"swiper-slide-inner\"><img class=\"swiper-slide-image swiper-lazy\" data-src=\"https:\/\/alhersem.com\/blog\/wp-content\/uploads\/2023\/10\/Fotos-Blog-calica-4.jpg\" alt=\"area de explotaci\u00f3n de calica\" \/><div class=\"swiper-lazy-preloader\"><\/div><\/figure><\/div><div class=\"swiper-slide\" role=\"group\" aria-roledescription=\"slide\" aria-label=\"3 de 3\"><figure class=\"swiper-slide-inner\"><img class=\"swiper-slide-image swiper-lazy\" data-src=\"https:\/\/alhersem.com\/blog\/wp-content\/uploads\/2023\/10\/Fotos-Blog-calica-2.jpg\" alt=\"proceso laboral en calica\" \/><div class=\"swiper-lazy-preloader\"><\/div><\/figure><\/div>\t\t\t<\/div>\n\t\t\t\t\t\t\t\n\t\t\t\t\t\t\t\t\t<div class=\"swiper-pagination\"><\/div>\n\t\t\t\t\t\t\t\t\t<\/div>\n\t\t\t\t\t\t<\/div>\n\t\t\t\t<\/div>\n\t\t\t\t\t<\/div>\n\t\t<\/div>\n\t\t\t\t\t<\/div>\n\t\t<\/section>\n\t\t\t\t<div class=\"elementor-element elementor-element-8c44022 elementor-widget elementor-widget-text-editor\" data-id=\"8c44022\" data-element_type=\"widget\" data-e-type=\"widget\" data-widget_type=\"text-editor.default\">\n\t\t\t\t<div class=\"elementor-widget-container\">\n\t\t\t\t\t\t\t\t\t<p><span style=\"color: #4d4d4d;\">Adem\u00e1s de la degradaci\u00f3n ambiental, SAC-TUN ha incurrido en pr\u00e1cticas ilegales, como la retenci\u00f3n de agua subterr\u00e1nea en una escala considerablemente mayor que la autorizada, lo que ha causado hundimientos y colapsos en la zona. A pesar de los da\u00f1os evidentes causados al entorno natural, la empresa no ha llevado a cabo <strong>obras de remediaci\u00f3n ambiental<\/strong> en la zona, lo cual agrava a\u00fan m\u00e1s la situaci\u00f3n.<\/span><\/p>\t\t\t\t\t\t\t\t<\/div>\n\t\t\t\t<\/div>\n\t\t\t\t<div class=\"elementor-element elementor-element-8f3d26e elementor-widget elementor-widget-text-editor\" data-id=\"8f3d26e\" data-element_type=\"widget\" data-e-type=\"widget\" data-widget_type=\"text-editor.default\">\n\t\t\t\t<div class=\"elementor-widget-container\">\n\t\t\t\t\t\t\t\t\t<p><span style=\"color: #4d4d4d;\">Frente a esta cr\u00edtica coyuntura, el presidente L\u00f3pez Obrador cuestiona la posici\u00f3n de la empresa estadounidense en relaci\u00f3n con el cambio clim\u00e1tico y plantea la necesidad apremiante de actuar en defensa del medio ambiente. En esta l\u00ednea, propone la compra de las tierras y su posterior conversi\u00f3n en reservas naturales, con el objetivo de <strong>preservar la biodiversidad<\/strong> y evitar futuras explotaciones que puedan da\u00f1ar de manera irreparable el delicado ecosistema de la regi\u00f3n.<\/span><\/p>\t\t\t\t\t\t\t\t<\/div>\n\t\t\t\t<\/div>\n\t\t\t\t<div class=\"elementor-element elementor-element-23fdec3a elementor-widget elementor-widget-text-editor\" data-id=\"23fdec3a\" data-element_type=\"widget\" data-e-type=\"widget\" data-widget_type=\"text-editor.default\">\n\t\t\t\t<div class=\"elementor-widget-container\">\n\t\t\t\t\t\t\t\t\t<p><span style=\"color: #4d4d4d;\">El caso Calica, m\u00e1s all\u00e1 de un conflicto local, representa un s\u00edmbolo de la creciente conciencia ambiental en M\u00e9xico y en el mundo. La lucha por la preservaci\u00f3n del medio ambiente, la biodiversidad y la mitigaci\u00f3n de los impactos negativos de la actividad humana en la naturaleza es un desaf\u00edo global. Es un llamado a la responsabilidad, a la acci\u00f3n y a la uni\u00f3n de esfuerzos para garantizar un futuro sostenible y equilibrado para las generaciones venideras. Este caso invita a reflexionar sobre la importancia de priorizar la protecci\u00f3n de nuestro entorno natural sobre intereses econ\u00f3micos a corto plazo, a fin de asegurar un legado ambiental duradero y saludable para las futuras generaciones.<\/span><\/p>\t\t\t\t\t\t\t\t<\/div>\n\t\t\t\t<\/div>\n\t\t\t\t<div class=\"elementor-element elementor-element-24a399d3 elementor-widget elementor-widget-html\" data-id=\"24a399d3\" data-element_type=\"widget\" data-e-type=\"widget\" data-widget_type=\"html.default\">\n\t\t\t\t<div class=\"elementor-widget-container\">\n\t\t\t\t\t<div class=\"container blog-list-post-comment\">\n    <h2>Comentarios<\/h2>\n    <p class=\"descripcionform\">Nos interesa conocer tu opini\u00f3n, d\u00e9janos un comentario<\/p>\n    <form id=\"formcomentario\" class=\"form-blue bg-azul2\" action=\"https:\/\/alhersem.com\/comentario\/blog\/crear\" method=\"POST\">\n        <input type=\"hidden\" id=\"tituloblog\" name=\"tituloblog\" value=\"\">\n        <input type=\"hidden\" id=\"linkblog\" name=\"linkblog\" value=\"\">\n        <input type=\"hidden\" id=\"fechac\" name=\"fechac\" value=\"\">\n        <div class=\"row my-3\">\n            <div class=\"col\">\n                <label for=\"nombre\">Nombre: <span style=\"color: red;\">*<\/span><\/label>\n                <input type=\"text\" id=\"nombre\" name=\"nombre\" class=\"form-control\" placeholder=\"\" required>\n            <\/div>\n            <div class=\"col\">\n                <label for=\"correo\">Correo: <span style=\"color: red;\">*<\/span><\/label>\n                <input type=\"email\" id=\"correo\" name=\"correo\" class=\"form-control\" placeholder=\"\" required>\n            <\/div>\n        <\/div>\n        <label for=\"comentario\">Comentario: <span style=\"color: red;\">*<\/span><\/label>\n        <textarea id=\"comentario\" name=\"comentario\" class=\"form-control mb-3\" placeholder=\"\" rows=\"5\" required><\/textarea>\n        <button id=\"bton\" class=\"btn d-flex mr-0 ml-auto\" onclick=\"enviar_cometario_blog()\">Enviar<\/button>\n    <\/form>\n<\/div>\t\t\t\t<\/div>\n\t\t\t\t<\/div>\n\t\t\t\t<div class=\"elementor-element elementor-element-13e73299 elementor-widget elementor-widget-html\" data-id=\"13e73299\" data-element_type=\"widget\" data-e-type=\"widget\" data-widget_type=\"html.default\">\n\t\t\t\t<div class=\"elementor-widget-container\">\n\t\t\t\t\t<div id=\"comentcontainer\"><\/div>\t\t\t\t<\/div>\n\t\t\t\t<\/div>\n\t\t\t\t\t<\/div>\n\t\t<\/div>\n\t\t\t\t\t<\/div>\n\t\t<\/section>\n\t\t\t\t<\/div>\n\t\t","protected":false},"excerpt":{"rendered":"<p>La administraci\u00f3n federal, encabezada por el presidente Andr\u00e9s Manuel L\u00f3pez Obrador, decidi\u00f3 condicionar la autorizaci\u00f3n de un pol\u00e9mico plan a la cancelaci\u00f3n definitiva de operaciones extractivas.<\/p>\n","protected":false},"author":1,"featured_media":7594,"comment_status":"open","ping_status":"open","sticky":false,"template":"elementor_header_footer","format":"standard","meta":{"footnotes":""},"categories":[97],"tags":[],"class_list":["post-7602","post","type-post","status-publish","format-standard","has-post-thumbnail","hentry","category-noticias","entry"],"_links":{"self":[{"href":"https:\/\/alhersem.com\/blog\/wp-json\/wp\/v2\/posts\/7602","targetHints":{"allow":["GET"]}}],"collection":[{"href":"https:\/\/alhersem.com\/blog\/wp-json\/wp\/v2\/posts"}],"about":[{"href":"https:\/\/alhersem.com\/blog\/wp-json\/wp\/v2\/types\/post"}],"author":[{"embeddable":true,"href":"https:\/\/alhersem.com\/blog\/wp-json\/wp\/v2\/users\/1"}],"replies":[{"embeddable":true,"href":"https:\/\/alhersem.com\/blog\/wp-json\/wp\/v2\/comments?post=7602"}],"version-history":[{"count":10,"href":"https:\/\/alhersem.com\/blog\/wp-json\/wp\/v2\/posts\/7602\/revisions"}],"predecessor-version":[{"id":7615,"href":"https:\/\/alhersem.com\/blog\/wp-json\/wp\/v2\/posts\/7602\/revisions\/7615"}],"wp:featuredmedia":[{"embeddable":true,"href":"https:\/\/alhersem.com\/blog\/wp-json\/wp\/v2\/media\/7594"}],"wp:attachment":[{"href":"https:\/\/alhersem.com\/blog\/wp-json\/wp\/v2\/media?parent=7602"}],"wp:term":[{"taxonomy":"category","embeddable":true,"href":"https:\/\/alhersem.com\/blog\/wp-json\/wp\/v2\/categories?post=7602"},{"taxonomy":"post_tag","embeddable":true,"href":"https:\/\/alhersem.com\/blog\/wp-json\/wp\/v2\/tags?post=7602"}],"curies":[{"name":"wp","href":"https:\/\/api.w.org\/{rel}","templated":true}]}}